{"id":102271,"date":"2020-05-19T13:23:37","date_gmt":"2020-05-19T11:23:37","guid":{"rendered":"https:\/\/ledco.sk\/blog\/osvetleni-prodejen-obchodu-a-butiku\/"},"modified":"2020-05-19T13:23:37","modified_gmt":"2020-05-19T11:23:37","slug":"osvetleni-prodejen-obchodu-a-butiku","status":"publish","type":"blog","link":"https:\/\/ledco.sk\/cs\/blog\/osvetleni-prodejen-obchodu-a-butiku\/","title":{"rendered":"Osv\u011btlen\u00ed prodejen, obchod\u016f a butik\u016f"},"content":{"rendered":"<p>Od mal\u00e9ho butiku za rohem po velk\u00e9 zna\u010dkov\u00e9 maloobchody pot\u0159ebuj\u00ed v\u00fdrazn\u00fd charakter a styl pro obchodn\u00ed \u00fasp\u011bch. osv\u011btlen\u00ed<br \/>\nvelmi efektivn\u011b a stylov\u011b dotv\u00e1\u0159\u00ed zna\u010dku, jej\u00ed nezam\u011bnitelnost a poutavost. Kreativn\u00ed designov\u00e9 \u0159e\u0161en\u00ed vytv\u00e1\u0159ej\u00ed unik\u00e1tnost a vzbuzuj\u00ed zv\u011bdavost.<br \/>\n<img fetchpriority=\"high\" decoding=\"async\" class=\"size-full wp-image-90379\" src=\"https:\/\/ledco.sk\/wp-content\/uploads\/2019\/09\/osvetlenie-predajne-obchodu-showroomu-ledco-thorlux_02.jpg\" alt=\"osvetlenie predajne, obchodu, showroomu a butiku\" width=\"1879\" height=\"608\" srcset=\"https:\/\/ledco.sk\/wp-content\/uploads\/2019\/09\/osvetlenie-predajne-obchodu-showroomu-ledco-thorlux_02.jpg 1879w, https:\/\/ledco.sk\/wp-content\/uploads\/2019\/09\/osvetlenie-predajne-obchodu-showroomu-ledco-thorlux_02-300x97.jpg 300w, https:\/\/ledco.sk\/wp-content\/uploads\/2019\/09\/osvetlenie-predajne-obchodu-showroomu-ledco-thorlux_02-1024x331.jpg 1024w, https:\/\/ledco.sk\/wp-content\/uploads\/2019\/09\/osvetlenie-predajne-obchodu-showroomu-ledco-thorlux_02-768x249.jpg 768w, https:\/\/ledco.sk\/wp-content\/uploads\/2019\/09\/osvetlenie-predajne-obchodu-showroomu-ledco-thorlux_02-1536x497.jpg 1536w, https:\/\/ledco.sk\/wp-content\/uploads\/2019\/09\/osvetlenie-predajne-obchodu-showroomu-ledco-thorlux_02-600x194.jpg 600w, https:\/\/ledco.sk\/wp-content\/uploads\/2019\/09\/osvetlenie-predajne-obchodu-showroomu-ledco-thorlux_02-797x258.jpg 797w, https:\/\/ledco.sk\/wp-content\/uploads\/2019\/09\/osvetlenie-predajne-obchodu-showroomu-ledco-thorlux_02-1595x516.jpg 1595w\" sizes=\"(max-width: 1879px) 100vw, 1879px\" \/><br \/>\nAutomobilov\u00e9 showroomy jsou velk\u00fdm l\u00e1kadlem o\u010d\u00ed a p\u0159i velk\u00e9 konkurenci je t\u0159eba nechat n\u00e1dhern\u00e9 kousky co nejl\u00e9pe vyniknout a upoutat zrak kolemjdouc\u00edho.<br \/>\n<img decoding=\"async\" class=\"size-full wp-image-90380\" src=\"https:\/\/ledco.sk\/wp-content\/uploads\/2019\/09\/osvetlenie-predajne-obchodu-showroomu-ledco-thorlux_03.jpg\" alt=\"osvetlenie predajne, obchodu, showroomu a butiku\" width=\"1879\" height=\"608\" srcset=\"https:\/\/ledco.sk\/wp-content\/uploads\/2019\/09\/osvetlenie-predajne-obchodu-showroomu-ledco-thorlux_03.jpg 1879w, https:\/\/ledco.sk\/wp-content\/uploads\/2019\/09\/osvetlenie-predajne-obchodu-showroomu-ledco-thorlux_03-300x97.jpg 300w, https:\/\/ledco.sk\/wp-content\/uploads\/2019\/09\/osvetlenie-predajne-obchodu-showroomu-ledco-thorlux_03-1024x331.jpg 1024w, https:\/\/ledco.sk\/wp-content\/uploads\/2019\/09\/osvetlenie-predajne-obchodu-showroomu-ledco-thorlux_03-768x249.jpg 768w, https:\/\/ledco.sk\/wp-content\/uploads\/2019\/09\/osvetlenie-predajne-obchodu-showroomu-ledco-thorlux_03-1536x497.jpg 1536w, https:\/\/ledco.sk\/wp-content\/uploads\/2019\/09\/osvetlenie-predajne-obchodu-showroomu-ledco-thorlux_03-600x194.jpg 600w, https:\/\/ledco.sk\/wp-content\/uploads\/2019\/09\/osvetlenie-predajne-obchodu-showroomu-ledco-thorlux_03-797x258.jpg 797w, https:\/\/ledco.sk\/wp-content\/uploads\/2019\/09\/osvetlenie-predajne-obchodu-showroomu-ledco-thorlux_03-1595x516.jpg 1595w\" sizes=\"(max-width: 1879px) 100vw, 1879px\" \/><br \/>\nPrvn\u00ed pohled do obchodu v\u00e1s mus\u00ed p\u0159inutit vstoupit nebo se alespo\u0148 pokochat. Atraktivn\u00ed osv\u011btlen\u00ed v\u00fdklad\u016f v\u00fdhodn\u00fdm zp\u016fsobem upout\u00e1 na top produkty va\u0161\u00ed zna\u010dky. Nap\u0159\u00edklad bodov\u00e9 sv\u011bteln\u00e9 zdroje nebo dynamick\u00e9 zv\u00fdraz\u0148uj\u00edc\u00ed osv\u011btlen\u00ed. Stejn\u011b d\u016fle\u017eit\u00e1 je p\u0159\u00edjemn\u00e1 a p\u0159\u00e1telsk\u00e1 sv\u011bteln\u00e1 atmosf\u00e9ra, kter\u00e1 p\u0159itahuje n\u00e1v\u0161t\u011bvn\u00edky do obchodu, neosl\u0148uje jejich (\u010d\u00edm d\u0159\u00edve zapla\u0161\u00ed potencion\u00e1ln\u00edho z\u00e1kazn\u00edka) no z\u00e1rove\u0148 poutav\u011b p\u0159it\u00e1hne v\u00e1\u0161 zrak na produkty kter\u00e9 z\u00e1\u0159\u00ed barvami.<br \/>\n<img decoding=\"async\" class=\"size-full wp-image-90382\" src=\"https:\/\/ledco.sk\/wp-content\/uploads\/2019\/09\/osvetlenie-predajne-obchodu-showroomu-ledco-thorlux_05.jpg\" alt=\"osvetlenie predajne, obchodu, showroomu a butiku\" width=\"1879\" height=\"608\" srcset=\"https:\/\/ledco.sk\/wp-content\/uploads\/2019\/09\/osvetlenie-predajne-obchodu-showroomu-ledco-thorlux_05.jpg 1879w, https:\/\/ledco.sk\/wp-content\/uploads\/2019\/09\/osvetlenie-predajne-obchodu-showroomu-ledco-thorlux_05-300x97.jpg 300w, https:\/\/ledco.sk\/wp-content\/uploads\/2019\/09\/osvetlenie-predajne-obchodu-showroomu-ledco-thorlux_05-1024x331.jpg 1024w, https:\/\/ledco.sk\/wp-content\/uploads\/2019\/09\/osvetlenie-predajne-obchodu-showroomu-ledco-thorlux_05-768x249.jpg 768w, https:\/\/ledco.sk\/wp-content\/uploads\/2019\/09\/osvetlenie-predajne-obchodu-showroomu-ledco-thorlux_05-1536x497.jpg 1536w, https:\/\/ledco.sk\/wp-content\/uploads\/2019\/09\/osvetlenie-predajne-obchodu-showroomu-ledco-thorlux_05-600x194.jpg 600w, https:\/\/ledco.sk\/wp-content\/uploads\/2019\/09\/osvetlenie-predajne-obchodu-showroomu-ledco-thorlux_05-797x258.jpg 797w, https:\/\/ledco.sk\/wp-content\/uploads\/2019\/09\/osvetlenie-predajne-obchodu-showroomu-ledco-thorlux_05-1595x516.jpg 1595w\" sizes=\"(max-width: 1879px) 100vw, 1879px\" \/><br \/>\nPro butiky je charakteristick\u00e1 zm\u011bna \u010dast\u00e1 zm\u011bna sortimentu a pozic vystaven\u00e9ho zbo\u017e\u00ed. D\u00edky flexibiln\u00edm \u0159e\u0161en\u00edm osv\u011btlen\u00ed v\u00edte zareagovat na v\u0161echny situace bez jak\u00e9hokoli z\u00e1sahu technik\u016f \u010di nebodaj s pot\u0159ebou n\u011bjak\u00e9 p\u0159estavby osv\u011btlovac\u00edho syst\u00e9mu.<br \/>\n<img loading=\"lazy\" decoding=\"async\" class=\"size-full wp-image-90381\" src=\"https:\/\/ledco.sk\/wp-content\/uploads\/2019\/09\/osvetlenie-predajne-obchodu-showroomu-ledco-thorlux_04.jpg\" alt=\"osvetlenie predajne, obchodu, showroomu a butiku\" width=\"1697\" height=\"608\" srcset=\"https:\/\/ledco.sk\/wp-content\/uploads\/2019\/09\/osvetlenie-predajne-obchodu-showroomu-ledco-thorlux_04.jpg 1697w, https:\/\/ledco.sk\/wp-content\/uploads\/2019\/09\/osvetlenie-predajne-obchodu-showroomu-ledco-thorlux_04-300x107.jpg 300w, https:\/\/ledco.sk\/wp-content\/uploads\/2019\/09\/osvetlenie-predajne-obchodu-showroomu-ledco-thorlux_04-1024x367.jpg 1024w, https:\/\/ledco.sk\/wp-content\/uploads\/2019\/09\/osvetlenie-predajne-obchodu-showroomu-ledco-thorlux_04-768x275.jpg 768w, https:\/\/ledco.sk\/wp-content\/uploads\/2019\/09\/osvetlenie-predajne-obchodu-showroomu-ledco-thorlux_04-1536x550.jpg 1536w, https:\/\/ledco.sk\/wp-content\/uploads\/2019\/09\/osvetlenie-predajne-obchodu-showroomu-ledco-thorlux_04-600x215.jpg 600w, https:\/\/ledco.sk\/wp-content\/uploads\/2019\/09\/osvetlenie-predajne-obchodu-showroomu-ledco-thorlux_04-720x258.jpg 720w, https:\/\/ledco.sk\/wp-content\/uploads\/2019\/09\/osvetlenie-predajne-obchodu-showroomu-ledco-thorlux_04-1440x516.jpg 1440w\" sizes=\"(max-width: 1697px) 100vw, 1697px\" \/><br \/>\nIde\u00e1ln\u00ed do prodejen jsou flexibiln\u00ed track syst\u00e9my, kter\u00e9 umo\u017e\u0148uj\u00ed variabiln\u00ed posouv\u00e1n\u00ed a v\u00fdm\u011bnu jednotliv\u00fdch sv\u00edtidel. \u0160irok\u00e1 \u0161k\u00e1la optick\u00fdch a sv\u011bteln\u00fdch vlastnost\u00ed spln\u00ed i ty nejn\u00e1ro\u010dn\u011bj\u0161\u00ed po\u017eadavky. Sv\u00edtidla jako posunete, nasm\u011brujete, zm\u011bn\u00edte vyza\u0159ovac\u00ed sv\u011bteln\u00fd ku\u017eel, zareagujete p\u0159id\u00e1n\u00edm osv\u011btlen\u00ed po p\u0159\u00edchodu z\u00e1kazn\u00edka, vytvo\u0159\u00edte variabiln\u00ed sv\u011bteln\u00e9 sc\u00e9ny nebo zahrajete s barvami. Kreativit\u011b se v tomto segmentu meze nekladou.<br \/>\nD\u016fle\u017eitou sou\u010d\u00e1st\u00ed butik\u016f jsou p\u0159evl\u00e9kac\u00ed kabinky, kde kvalita osv\u011btlen\u00ed hraje velkou roli. Zde kone\u010dn\u011b z\u00e1kazn\u00edk u\u010din\u00ed nejd\u016fle\u017eit\u011bj\u0161\u00ed rozhodnut\u00ed: Koupit? Ano nebo ne? D\u016fle\u017eit\u00e9 je nejp\u0159irozen\u011bj\u0161\u00ed sv\u011btlo s velmi dobr\u00fdm a realistick\u00fdm vykreslen\u00edm barev.<br \/>\n<img loading=\"lazy\" decoding=\"async\" class=\"size-full wp-image-90378\" src=\"https:\/\/ledco.sk\/wp-content\/uploads\/2019\/09\/osvetlenie-predajne-obchodu-showroomu-ledco-thorlux_01.jpg\" alt=\"osvetlenie predajne, obchodu, showroomu a butiku\" width=\"1283\" height=\"902\" srcset=\"https:\/\/ledco.sk\/wp-content\/uploads\/2019\/09\/osvetlenie-predajne-obchodu-showroomu-ledco-thorlux_01.jpg 1283w, https:\/\/ledco.sk\/wp-content\/uploads\/2019\/09\/osvetlenie-predajne-obchodu-showroomu-ledco-thorlux_01-300x211.jpg 300w, https:\/\/ledco.sk\/wp-content\/uploads\/2019\/09\/osvetlenie-predajne-obchodu-showroomu-ledco-thorlux_01-1024x720.jpg 1024w, https:\/\/ledco.sk\/wp-content\/uploads\/2019\/09\/osvetlenie-predajne-obchodu-showroomu-ledco-thorlux_01-768x540.jpg 768w, https:\/\/ledco.sk\/wp-content\/uploads\/2019\/09\/osvetlenie-predajne-obchodu-showroomu-ledco-thorlux_01-600x422.jpg 600w, https:\/\/ledco.sk\/wp-content\/uploads\/2019\/09\/osvetlenie-predajne-obchodu-showroomu-ledco-thorlux_01-925x650.jpg 925w, https:\/\/ledco.sk\/wp-content\/uploads\/2019\/09\/osvetlenie-predajne-obchodu-showroomu-ledco-thorlux_01-996x700.jpg 996w, https:\/\/ledco.sk\/wp-content\/uploads\/2019\/09\/osvetlenie-predajne-obchodu-showroomu-ledco-thorlux_01-367x258.jpg 367w, https:\/\/ledco.sk\/wp-content\/uploads\/2019\/09\/osvetlenie-predajne-obchodu-showroomu-ledco-thorlux_01-734x516.jpg 734w\" sizes=\"(max-width: 1283px) 100vw, 1283px\" \/><br \/>\nBarevn\u00e9 vlastnosti a kvalita osv\u011btlen\u00ed je nem\u00e9n\u011b d\u016fle\u017eit\u00e1 p\u0159i potravinov\u00e9m zbo\u017e\u00ed, a\u0165 u\u017e p\u0159i nasv\u00edcen\u00ed peka\u0159sk\u00fdch v\u00fdrobk\u016f, ovoce a zeleniny, ryb, \u010di masn\u00fdch a ml\u00e9\u010dn\u00fdch produkt\u016f. Ka\u017ed\u00fd typ \u010derstv\u00e9ho zbo\u017e\u00ed si \u017e\u00e1d\u00e1 jin\u00fd odst\u00edn b\u00edl\u00e9ho sv\u011btla, \u010d\u00edm l\u00e9pe vynikne dan\u00fd produkt a nep\u016fsob\u00ed na pultu f\u00e1dn\u00ed.<br \/>\nNa\u0161e spole\u010dnost V\u00e1m nab\u00edz\u00ed profesion\u00e1ln\u00ed \u0159e\u0161en\u00ed od renomovan\u00e9ho Britsk\u00e9ho v\u00fdrobce sv\u00edtidel THORLUX.<br \/>\nPrezrite si <a href=\"https:\/\/www.thorlux.com\/applications\/retail\">sekci v\u011bnovanou osv\u011btlen\u00ed obchod\u016f, butik\u016f a showroom\u016f<\/a>.<br \/>\nLet\u00e1\u010dik venovan\u00fd <a href=\"https:\/\/www.thorlux.com\/files\/retail-brochure.pdf\">osv\u011btlen\u00ed prodejen naleznete zde<\/a>.<br \/>\nV p\u0159\u00edpad\u011b z\u00e1jmu n\u00e1s nev\u00e1hejte kontaktovat.<\/p>\n","protected":false},"featured_media":94085,"menu_order":21,"comment_status":"open","ping_status":"open","template":"page_container.php","format":"standard","meta":{"_acf_changed":false,"footnotes":""},"tags":[147,230,228,229,231],"blog_category":[],"class_list":["post-102271","blog","type-blog","status-publish","format-standard","has-post-thumbnail","hentry","tag-butik-cs","tag-obchod-cs","tag-osvetleni","tag-prodejna","tag-showroom-cs"],"acf":[],"yoast_head":"<!-- This site is optimized with the Yoast SEO plugin v25.0 - https:\/\/yoast.com\/wordpress\/plugins\/seo\/ -->\n<title>Osv\u011btlen\u00ed prodejen, obchod\u016f a butik\u016f - Ledco<\/title>\n<meta name=\"description\" content=\"Osv\u011btlen\u00ed prodejen, obchod\u016f a butik\u016f. Od mal\u00e9ho butiku za rohem po velk\u00e9 zna\u010dkov\u00e9 maloobchody pot\u0159ebuj\u00ed v\u00fdrazn\u00fd charakter a styl pro \u00fasp\u011bch | Ledco\" \/>\n<meta name=\"robots\" content=\"index, follow, max-snippet:-1, max-image-preview:large, max-video-preview:-1\" \/>\n<link rel=\"canonical\" href=\"https:\/\/ledco.sk\/cs\/blog\/osvetleni-prodejen-obchodu-a-butiku\/\" \/>\n<meta property=\"og:locale\" content=\"cs_CZ\" \/>\n<meta property=\"og:type\" content=\"article\" \/>\n<meta property=\"og:title\" content=\"Osv\u011btlen\u00ed prodejen, obchod\u016f a butik\u016f - Ledco\" \/>\n<meta property=\"og:description\" content=\"Osv\u011btlen\u00ed prodejen, obchod\u016f a butik\u016f. Od mal\u00e9ho butiku za rohem po velk\u00e9 zna\u010dkov\u00e9 maloobchody pot\u0159ebuj\u00ed v\u00fdrazn\u00fd charakter a styl pro \u00fasp\u011bch | Ledco\" \/>\n<meta property=\"og:url\" content=\"https:\/\/ledco.sk\/cs\/blog\/osvetleni-prodejen-obchodu-a-butiku\/\" \/>\n<meta property=\"og:site_name\" content=\"Ledco\" \/>\n<meta property=\"article:publisher\" content=\"https:\/\/www.facebook.com\/pages\/LEDCO-sro\/172577579457232?fref=ts\" \/>\n<meta property=\"og:image\" content=\"https:\/\/ledco.sk\/wp-content\/uploads\/2019\/09\/osvetlenie-predajne-obchodu-showroomu-ledco-thorlux_06.jpg\" \/>\n\t<meta property=\"og:image:width\" content=\"1500\" \/>\n\t<meta property=\"og:image:height\" content=\"998\" \/>\n\t<meta property=\"og:image:type\" content=\"image\/jpeg\" \/>\n<meta name=\"twitter:card\" content=\"summary_large_image\" \/>\n<meta name=\"twitter:site\" content=\"@ledcolighting\" \/>\n<meta name=\"twitter:label1\" content=\"Odhadovan\u00e1 doba \u010dten\u00ed\" \/>\n\t<meta name=\"twitter:data1\" content=\"2 minuty\" \/>\n<script type=\"application\/ld+json\" class=\"yoast-schema-graph\">{\"@context\":\"https:\/\/schema.org\",\"@graph\":[{\"@type\":\"WebPage\",\"@id\":\"https:\/\/ledco.sk\/cs\/blog\/osvetleni-prodejen-obchodu-a-butiku\/\",\"url\":\"https:\/\/ledco.sk\/cs\/blog\/osvetleni-prodejen-obchodu-a-butiku\/\",\"name\":\"Osv\u011btlen\u00ed prodejen, obchod\u016f a butik\u016f - Ledco\",\"isPartOf\":{\"@id\":\"https:\/\/ledco.sk\/cs\/#website\"},\"primaryImageOfPage\":{\"@id\":\"https:\/\/ledco.sk\/cs\/blog\/osvetleni-prodejen-obchodu-a-butiku\/#primaryimage\"},\"image\":{\"@id\":\"https:\/\/ledco.sk\/cs\/blog\/osvetleni-prodejen-obchodu-a-butiku\/#primaryimage\"},\"thumbnailUrl\":\"https:\/\/ledco.sk\/wp-content\/uploads\/2019\/09\/osvetlenie-predajne-obchodu-showroomu-ledco-thorlux_06.jpg\",\"datePublished\":\"2020-05-19T11:23:37+00:00\",\"description\":\"Osv\u011btlen\u00ed prodejen, obchod\u016f a butik\u016f. Od mal\u00e9ho butiku za rohem po velk\u00e9 zna\u010dkov\u00e9 maloobchody pot\u0159ebuj\u00ed v\u00fdrazn\u00fd charakter a styl pro \u00fasp\u011bch | Ledco\",\"breadcrumb\":{\"@id\":\"https:\/\/ledco.sk\/cs\/blog\/osvetleni-prodejen-obchodu-a-butiku\/#breadcrumb\"},\"inLanguage\":\"cs\",\"potentialAction\":[{\"@type\":\"ReadAction\",\"target\":[\"https:\/\/ledco.sk\/cs\/blog\/osvetleni-prodejen-obchodu-a-butiku\/\"]}]},{\"@type\":\"ImageObject\",\"inLanguage\":\"cs\",\"@id\":\"https:\/\/ledco.sk\/cs\/blog\/osvetleni-prodejen-obchodu-a-butiku\/#primaryimage\",\"url\":\"https:\/\/ledco.sk\/wp-content\/uploads\/2019\/09\/osvetlenie-predajne-obchodu-showroomu-ledco-thorlux_06.jpg\",\"contentUrl\":\"https:\/\/ledco.sk\/wp-content\/uploads\/2019\/09\/osvetlenie-predajne-obchodu-showroomu-ledco-thorlux_06.jpg\",\"width\":1500,\"height\":998,\"caption\":\"osv\u011btlen\u00ed prodejny, obchodu, showroomu a butiku\"},{\"@type\":\"BreadcrumbList\",\"@id\":\"https:\/\/ledco.sk\/cs\/blog\/osvetleni-prodejen-obchodu-a-butiku\/#breadcrumb\",\"itemListElement\":[{\"@type\":\"ListItem\",\"position\":1,\"name\":\"Home\",\"item\":\"https:\/\/ledco.sk\/cs\/\"},{\"@type\":\"ListItem\",\"position\":2,\"name\":\"Blogy\",\"item\":\"https:\/\/ledco.sk\/cs\/blog\/\"},{\"@type\":\"ListItem\",\"position\":3,\"name\":\"Osv\u011btlen\u00ed prodejen, obchod\u016f a butik\u016f\"}]},{\"@type\":\"WebSite\",\"@id\":\"https:\/\/ledco.sk\/cs\/#website\",\"url\":\"https:\/\/ledco.sk\/cs\/\",\"name\":\"Ledco\",\"description\":\"Predaj svietidiel, n\u00e1vrh, poradenstvo a realiz\u00e1cia osvetlenia\",\"publisher\":{\"@id\":\"https:\/\/ledco.sk\/cs\/#organization\"},\"potentialAction\":[{\"@type\":\"SearchAction\",\"target\":{\"@type\":\"EntryPoint\",\"urlTemplate\":\"https:\/\/ledco.sk\/cs\/?s={search_term_string}\"},\"query-input\":{\"@type\":\"PropertyValueSpecification\",\"valueRequired\":true,\"valueName\":\"search_term_string\"}}],\"inLanguage\":\"cs\"},{\"@type\":\"Organization\",\"@id\":\"https:\/\/ledco.sk\/cs\/#organization\",\"name\":\"LEDCO s.r.o.\",\"url\":\"https:\/\/ledco.sk\/cs\/\",\"logo\":{\"@type\":\"ImageObject\",\"inLanguage\":\"cs\",\"@id\":\"https:\/\/ledco.sk\/cs\/#\/schema\/logo\/image\/\",\"url\":\"https:\/\/ledco.sk\/wp-content\/uploads\/2020\/03\/Logo_LEDCO.jpg\",\"contentUrl\":\"https:\/\/ledco.sk\/wp-content\/uploads\/2020\/03\/Logo_LEDCO.jpg\",\"width\":230,\"height\":73,\"caption\":\"LEDCO s.r.o.\"},\"image\":{\"@id\":\"https:\/\/ledco.sk\/cs\/#\/schema\/logo\/image\/\"},\"sameAs\":[\"https:\/\/www.facebook.com\/pages\/LEDCO-sro\/172577579457232?fref=ts\",\"https:\/\/x.com\/ledcolighting\",\"https:\/\/www.instagram.com\/ledco_lighting\/\",\"https:\/\/pinterest.com\/ledcolighting\/\",\"https:\/\/www.youtube.com\/user\/ledcoled\"]}]}<\/script>\n<!-- \/ Yoast SEO plugin. -->","yoast_head_json":{"title":"Osv\u011btlen\u00ed prodejen, obchod\u016f a butik\u016f - Ledco","description":"Osv\u011btlen\u00ed prodejen, obchod\u016f a butik\u016f. Od mal\u00e9ho butiku za rohem po velk\u00e9 zna\u010dkov\u00e9 maloobchody pot\u0159ebuj\u00ed v\u00fdrazn\u00fd charakter a styl pro \u00fasp\u011bch | Ledco","robots":{"index":"index","follow":"follow","max-snippet":"max-snippet:-1","max-image-preview":"max-image-preview:large","max-video-preview":"max-video-preview:-1"},"canonical":"https:\/\/ledco.sk\/cs\/blog\/osvetleni-prodejen-obchodu-a-butiku\/","og_locale":"cs_CZ","og_type":"article","og_title":"Osv\u011btlen\u00ed prodejen, obchod\u016f a butik\u016f - Ledco","og_description":"Osv\u011btlen\u00ed prodejen, obchod\u016f a butik\u016f. Od mal\u00e9ho butiku za rohem po velk\u00e9 zna\u010dkov\u00e9 maloobchody pot\u0159ebuj\u00ed v\u00fdrazn\u00fd charakter a styl pro \u00fasp\u011bch | Ledco","og_url":"https:\/\/ledco.sk\/cs\/blog\/osvetleni-prodejen-obchodu-a-butiku\/","og_site_name":"Ledco","article_publisher":"https:\/\/www.facebook.com\/pages\/LEDCO-sro\/172577579457232?fref=ts","og_image":[{"width":1500,"height":998,"url":"https:\/\/ledco.sk\/wp-content\/uploads\/2019\/09\/osvetlenie-predajne-obchodu-showroomu-ledco-thorlux_06.jpg","type":"image\/jpeg"}],"twitter_card":"summary_large_image","twitter_site":"@ledcolighting","twitter_misc":{"Odhadovan\u00e1 doba \u010dten\u00ed":"2 minuty"},"schema":{"@context":"https:\/\/schema.org","@graph":[{"@type":"WebPage","@id":"https:\/\/ledco.sk\/cs\/blog\/osvetleni-prodejen-obchodu-a-butiku\/","url":"https:\/\/ledco.sk\/cs\/blog\/osvetleni-prodejen-obchodu-a-butiku\/","name":"Osv\u011btlen\u00ed prodejen, obchod\u016f a butik\u016f - Ledco","isPartOf":{"@id":"https:\/\/ledco.sk\/cs\/#website"},"primaryImageOfPage":{"@id":"https:\/\/ledco.sk\/cs\/blog\/osvetleni-prodejen-obchodu-a-butiku\/#primaryimage"},"image":{"@id":"https:\/\/ledco.sk\/cs\/blog\/osvetleni-prodejen-obchodu-a-butiku\/#primaryimage"},"thumbnailUrl":"https:\/\/ledco.sk\/wp-content\/uploads\/2019\/09\/osvetlenie-predajne-obchodu-showroomu-ledco-thorlux_06.jpg","datePublished":"2020-05-19T11:23:37+00:00","description":"Osv\u011btlen\u00ed prodejen, obchod\u016f a butik\u016f. Od mal\u00e9ho butiku za rohem po velk\u00e9 zna\u010dkov\u00e9 maloobchody pot\u0159ebuj\u00ed v\u00fdrazn\u00fd charakter a styl pro \u00fasp\u011bch | Ledco","breadcrumb":{"@id":"https:\/\/ledco.sk\/cs\/blog\/osvetleni-prodejen-obchodu-a-butiku\/#breadcrumb"},"inLanguage":"cs","potentialAction":[{"@type":"ReadAction","target":["https:\/\/ledco.sk\/cs\/blog\/osvetleni-prodejen-obchodu-a-butiku\/"]}]},{"@type":"ImageObject","inLanguage":"cs","@id":"https:\/\/ledco.sk\/cs\/blog\/osvetleni-prodejen-obchodu-a-butiku\/#primaryimage","url":"https:\/\/ledco.sk\/wp-content\/uploads\/2019\/09\/osvetlenie-predajne-obchodu-showroomu-ledco-thorlux_06.jpg","contentUrl":"https:\/\/ledco.sk\/wp-content\/uploads\/2019\/09\/osvetlenie-predajne-obchodu-showroomu-ledco-thorlux_06.jpg","width":1500,"height":998,"caption":"osv\u011btlen\u00ed prodejny, obchodu, showroomu a butiku"},{"@type":"BreadcrumbList","@id":"https:\/\/ledco.sk\/cs\/blog\/osvetleni-prodejen-obchodu-a-butiku\/#breadcrumb","itemListElement":[{"@type":"ListItem","position":1,"name":"Home","item":"https:\/\/ledco.sk\/cs\/"},{"@type":"ListItem","position":2,"name":"Blogy","item":"https:\/\/ledco.sk\/cs\/blog\/"},{"@type":"ListItem","position":3,"name":"Osv\u011btlen\u00ed prodejen, obchod\u016f a butik\u016f"}]},{"@type":"WebSite","@id":"https:\/\/ledco.sk\/cs\/#website","url":"https:\/\/ledco.sk\/cs\/","name":"Ledco","description":"Predaj svietidiel, n\u00e1vrh, poradenstvo a realiz\u00e1cia osvetlenia","publisher":{"@id":"https:\/\/ledco.sk\/cs\/#organization"},"potentialAction":[{"@type":"SearchAction","target":{"@type":"EntryPoint","urlTemplate":"https:\/\/ledco.sk\/cs\/?s={search_term_string}"},"query-input":{"@type":"PropertyValueSpecification","valueRequired":true,"valueName":"search_term_string"}}],"inLanguage":"cs"},{"@type":"Organization","@id":"https:\/\/ledco.sk\/cs\/#organization","name":"LEDCO s.r.o.","url":"https:\/\/ledco.sk\/cs\/","logo":{"@type":"ImageObject","inLanguage":"cs","@id":"https:\/\/ledco.sk\/cs\/#\/schema\/logo\/image\/","url":"https:\/\/ledco.sk\/wp-content\/uploads\/2020\/03\/Logo_LEDCO.jpg","contentUrl":"https:\/\/ledco.sk\/wp-content\/uploads\/2020\/03\/Logo_LEDCO.jpg","width":230,"height":73,"caption":"LEDCO s.r.o."},"image":{"@id":"https:\/\/ledco.sk\/cs\/#\/schema\/logo\/image\/"},"sameAs":["https:\/\/www.facebook.com\/pages\/LEDCO-sro\/172577579457232?fref=ts","https:\/\/x.com\/ledcolighting","https:\/\/www.instagram.com\/ledco_lighting\/","https:\/\/pinterest.com\/ledcolighting\/","https:\/\/www.youtube.com\/user\/ledcoled"]}]}},"_links":{"self":[{"href":"https:\/\/ledco.sk\/cs\/wp-json\/wp\/v2\/blog\/102271","targetHints":{"allow":["GET"]}}],"collection":[{"href":"https:\/\/ledco.sk\/cs\/wp-json\/wp\/v2\/blog"}],"about":[{"href":"https:\/\/ledco.sk\/cs\/wp-json\/wp\/v2\/types\/blog"}],"replies":[{"embeddable":true,"href":"https:\/\/ledco.sk\/cs\/wp-json\/wp\/v2\/comments?post=102271"}],"version-history":[{"count":0,"href":"https:\/\/ledco.sk\/cs\/wp-json\/wp\/v2\/blog\/102271\/revisions"}],"wp:featuredmedia":[{"embeddable":true,"href":"https:\/\/ledco.sk\/cs\/wp-json\/wp\/v2\/media\/94085"}],"wp:attachment":[{"href":"https:\/\/ledco.sk\/cs\/wp-json\/wp\/v2\/media?parent=102271"}],"wp:term":[{"taxonomy":"post_tag","embeddable":true,"href":"https:\/\/ledco.sk\/cs\/wp-json\/wp\/v2\/tags?post=102271"},{"taxonomy":"blog_category","embeddable":true,"href":"https:\/\/ledco.sk\/cs\/wp-json\/wp\/v2\/blog_category?post=102271"}],"curies":[{"name":"wp","href":"https:\/\/api.w.org\/{rel}","templated":true}]}}