{"id":107138,"date":"2021-07-19T13:17:42","date_gmt":"2021-07-19T11:17:42","guid":{"rendered":"https:\/\/ledco.sk\/blog\/osvetleni-vyrobnich-hal-a-pracovist\/"},"modified":"2021-07-19T13:17:42","modified_gmt":"2021-07-19T11:17:42","slug":"osvetleni-vyrobnich-hal-a-pracovist","status":"publish","type":"blog","link":"https:\/\/ledco.sk\/cs\/blog\/osvetleni-vyrobnich-hal-a-pracovist\/","title":{"rendered":"Osv\u011btlen\u00ed v\u00fdrobn\u00edch hal a pracovi\u0161\u0165"},"content":{"rendered":"<p>Ve v\u00fdrobn\u00edch oblastech mus\u00ed sv\u011btlo v prvn\u00ed \u0159ad\u011b umo\u017e\u0148ovat bezpe\u010dnou a bezchybnou pr\u00e1ci. Pro \u0159e\u0161en\u00ed pr\u016fmyslov\u00e9ho osv\u011btlen\u00ed to znamen\u00e1, \u017ee z\u00e1kladn\u00edm po\u017eadavkem je dostate\u010dn\u00e1 \u00farove\u0148 jasu s vysokou uniformitou a co nejmen\u0161\u00edm po\u010dtem odraz\u016f a st\u00edn\u016f. \u010c\u00edm slo\u017eit\u011bj\u0161\u00ed je \u00fakol, t\u00edm je pot\u0159eba vy\u0161\u0161\u00ed intenzita a kvalita sv\u011btla.<br \/>\n<img fetchpriority=\"high\" decoding=\"async\" class=\"size-full wp-image-94069\" src=\"https:\/\/ledco.sk\/wp-content\/uploads\/2019\/09\/osvetlenie-priemyselnych-hal-skladov-vyroby-exterieru-ledco-thorlux_01.jpg\" alt=\"osvetlenie priemyseln\u00fdch a v\u00fdrobn\u00fdch h\u00e1l, z\u00e1vodov, skladov a exteri\u00e9ru\" width=\"2000\" height=\"609\" srcset=\"https:\/\/ledco.sk\/wp-content\/uploads\/2019\/09\/osvetlenie-priemyselnych-hal-skladov-vyroby-exterieru-ledco-thorlux_01.jpg 2000w, https:\/\/ledco.sk\/wp-content\/uploads\/2019\/09\/osvetlenie-priemyselnych-hal-skladov-vyroby-exterieru-ledco-thorlux_01-300x91.jpg 300w, https:\/\/ledco.sk\/wp-content\/uploads\/2019\/09\/osvetlenie-priemyselnych-hal-skladov-vyroby-exterieru-ledco-thorlux_01-1024x312.jpg 1024w, https:\/\/ledco.sk\/wp-content\/uploads\/2019\/09\/osvetlenie-priemyselnych-hal-skladov-vyroby-exterieru-ledco-thorlux_01-768x234.jpg 768w, https:\/\/ledco.sk\/wp-content\/uploads\/2019\/09\/osvetlenie-priemyselnych-hal-skladov-vyroby-exterieru-ledco-thorlux_01-1536x468.jpg 1536w, https:\/\/ledco.sk\/wp-content\/uploads\/2019\/09\/osvetlenie-priemyselnych-hal-skladov-vyroby-exterieru-ledco-thorlux_01-600x183.jpg 600w, https:\/\/ledco.sk\/wp-content\/uploads\/2019\/09\/osvetlenie-priemyselnych-hal-skladov-vyroby-exterieru-ledco-thorlux_01-1149x350.jpg 1149w\" sizes=\"(max-width: 2000px) 100vw, 2000px\" \/><br \/>\nKrom\u011b v\u0161eobecn\u00e9ho osv\u011btlen\u00ed si precizn\u00ed pr\u00e1ce vy\u017eaduj\u00ed speci\u00e1ln\u00ed sv\u00edtidla, aby bylo mo\u017en\u00e9 bezprobl\u00e9mov\u011b prov\u00e9st p\u0159\u00edslu\u0161n\u00fd pracovn\u00ed \u00fakon.<br \/>\n<a href=\"https:\/\/shop.ledco.sk\/priemyselne-svietidla\/\">Pr\u016fmyslov\u00e1 sv\u00edtidla<\/a> mus\u00ed b\u00fdt z\u00e1rove\u0148 vhodn\u00e9 pro mimo\u0159\u00e1dn\u011b n\u00e1ro\u010dn\u00e9 prost\u0159ed\u00ed vlivem tepla, chladu, prachu nebo vlhkosti. P\u0159im\u011b\u0159en\u00e9 t\u0159\u00eddy ochrany a materi\u00e1ly zaji\u0161\u0165uj\u00ed p\u0159im\u011b\u0159en\u00e9 a dlouhodob\u00e9 pou\u017eit\u00ed v pr\u016fmyslov\u00fdch aplikac\u00edch. Obzvl\u00e1\u0161t\u011b p\u0159\u00edsn\u00e9 p\u0159edpisy plat\u00ed v potravin\u00e1\u0159sk\u00e9m pr\u016fmyslu s vysok\u00fdmi hygienick\u00fdmi a kvalitativn\u00edmi normami. Nab\u00edz\u00edme V\u00e1m pr\u016fmyslov\u00e9 osv\u011btlen\u00ed spl\u0148uj\u00edc\u00ed mezin\u00e1rodn\u00ed standardy (IFS), s obzvl\u00e1\u0161t\u011b dobr\u00fdm vykreslen\u00edm barev CRI a ochranou nap\u0159\u00edklad proti rozbit\u00ed a fragmentaci.<br \/>\n<img decoding=\"async\" class=\"size-full wp-image-94071\" src=\"https:\/\/ledco.sk\/wp-content\/uploads\/2019\/09\/osvetlenie-priemyselnych-hal-skladov-vyroby-exterieru-ledco-thorlux_02.jpg\" alt=\"osvetlenie priemyseln\u00fdch a v\u00fdrobn\u00fdch h\u00e1l, z\u00e1vodov, skladov a exteri\u00e9ru\" width=\"2000\" height=\"609\" srcset=\"https:\/\/ledco.sk\/wp-content\/uploads\/2019\/09\/osvetlenie-priemyselnych-hal-skladov-vyroby-exterieru-ledco-thorlux_02.jpg 2000w, https:\/\/ledco.sk\/wp-content\/uploads\/2019\/09\/osvetlenie-priemyselnych-hal-skladov-vyroby-exterieru-ledco-thorlux_02-300x91.jpg 300w, https:\/\/ledco.sk\/wp-content\/uploads\/2019\/09\/osvetlenie-priemyselnych-hal-skladov-vyroby-exterieru-ledco-thorlux_02-1024x312.jpg 1024w, https:\/\/ledco.sk\/wp-content\/uploads\/2019\/09\/osvetlenie-priemyselnych-hal-skladov-vyroby-exterieru-ledco-thorlux_02-768x234.jpg 768w, https:\/\/ledco.sk\/wp-content\/uploads\/2019\/09\/osvetlenie-priemyselnych-hal-skladov-vyroby-exterieru-ledco-thorlux_02-1536x468.jpg 1536w, https:\/\/ledco.sk\/wp-content\/uploads\/2019\/09\/osvetlenie-priemyselnych-hal-skladov-vyroby-exterieru-ledco-thorlux_02-600x183.jpg 600w, https:\/\/ledco.sk\/wp-content\/uploads\/2019\/09\/osvetlenie-priemyselnych-hal-skladov-vyroby-exterieru-ledco-thorlux_02-1149x350.jpg 1149w\" sizes=\"(max-width: 2000px) 100vw, 2000px\" \/><br \/>\nNa\u0161e spole\u010dnost V\u00e1m nab\u00edz\u00ed profesion\u00e1ln\u00ed \u0159e\u0161en\u00ed od renomovan\u00e9ho Britsk\u00e9ho v\u00fdrobce sv\u00edtidel THORLUX.<br \/>\nProhl\u00e9dn\u011bte si <a href=\"https:\/\/www.thorlux.com\/applications\/light-industry\">sekci v\u011bnovanou osv\u011btlen\u00ed lehk\u00e9ho pr\u016fmyslu<\/a> nebo <a href=\"https:\/\/www.thorlux.com\/applications\/heavy-industry\">t\u011b\u017ek\u00e9ho pr\u016fmyslu s vy\u0161\u0161\u00edmi n\u00e1roky<\/a> na vlivy prost\u0159ed\u00ed.<br \/>\nV p\u0159\u00edpad\u011b z\u00e1jmu n\u00e1s nev\u00e1hejte kontaktovat.<\/p>\n","protected":false},"featured_media":94067,"menu_order":22,"comment_status":"open","ping_status":"open","template":"page_container.php","format":"standard","meta":{"_acf_changed":false,"footnotes":""},"tags":[245,228,140,250],"blog_category":[],"class_list":["post-107138","blog","type-blog","status-publish","format-standard","has-post-thumbnail","hentry","tag-hala-cs","tag-osvetleni","tag-prumysl","tag-vyroba-cs"],"acf":[],"yoast_head":"<!-- This site is optimized with the Yoast SEO plugin v25.0 - https:\/\/yoast.com\/wordpress\/plugins\/seo\/ -->\n<title>Osv\u011btlen\u00ed v\u00fdrobn\u00edch hal a pracovi\u0161\u0165 - Ledco<\/title>\n<meta name=\"description\" content=\". Ve v\u00fdrobn\u00edch oblastech mus\u00ed sv\u011btlo v prvn\u00ed \u0159ad\u011b umo\u017e\u0148ovat bezpe\u010dnou a bezchybnou pr\u00e1ci. |\" \/>\n<meta name=\"robots\" content=\"index, follow, max-snippet:-1, max-image-preview:large, max-video-preview:-1\" \/>\n<link rel=\"canonical\" href=\"https:\/\/ledco.sk\/cs\/blog\/osvetleni-vyrobnich-hal-a-pracovist\/\" \/>\n<meta property=\"og:locale\" content=\"cs_CZ\" \/>\n<meta property=\"og:type\" content=\"article\" \/>\n<meta property=\"og:title\" content=\"Osv\u011btlen\u00ed v\u00fdrobn\u00edch hal a pracovi\u0161\u0165 - Ledco\" \/>\n<meta property=\"og:description\" content=\". Ve v\u00fdrobn\u00edch oblastech mus\u00ed sv\u011btlo v prvn\u00ed \u0159ad\u011b umo\u017e\u0148ovat bezpe\u010dnou a bezchybnou pr\u00e1ci. |\" \/>\n<meta property=\"og:url\" content=\"https:\/\/ledco.sk\/cs\/blog\/osvetleni-vyrobnich-hal-a-pracovist\/\" \/>\n<meta property=\"og:site_name\" content=\"Ledco\" \/>\n<meta property=\"article:publisher\" content=\"https:\/\/www.facebook.com\/pages\/LEDCO-sro\/172577579457232?fref=ts\" \/>\n<meta property=\"og:image\" content=\"https:\/\/ledco.sk\/wp-content\/uploads\/2019\/09\/osvetlenie-priemyselnych-hal-skladov-vyroby-exterieru-ledco-thorlux_03.jpg\" \/>\n\t<meta property=\"og:image:width\" content=\"1600\" \/>\n\t<meta property=\"og:image:height\" content=\"1000\" \/>\n\t<meta property=\"og:image:type\" content=\"image\/jpeg\" \/>\n<meta name=\"twitter:card\" content=\"summary_large_image\" \/>\n<meta name=\"twitter:site\" content=\"@ledcolighting\" \/>\n<meta name=\"twitter:label1\" content=\"Odhadovan\u00e1 doba \u010dten\u00ed\" \/>\n\t<meta name=\"twitter:data1\" content=\"1 minuta\" \/>\n<script type=\"application\/ld+json\" class=\"yoast-schema-graph\">{\"@context\":\"https:\/\/schema.org\",\"@graph\":[{\"@type\":\"WebPage\",\"@id\":\"https:\/\/ledco.sk\/cs\/blog\/osvetleni-vyrobnich-hal-a-pracovist\/\",\"url\":\"https:\/\/ledco.sk\/cs\/blog\/osvetleni-vyrobnich-hal-a-pracovist\/\",\"name\":\"Osv\u011btlen\u00ed v\u00fdrobn\u00edch hal a pracovi\u0161\u0165 - Ledco\",\"isPartOf\":{\"@id\":\"https:\/\/ledco.sk\/cs\/#website\"},\"primaryImageOfPage\":{\"@id\":\"https:\/\/ledco.sk\/cs\/blog\/osvetleni-vyrobnich-hal-a-pracovist\/#primaryimage\"},\"image\":{\"@id\":\"https:\/\/ledco.sk\/cs\/blog\/osvetleni-vyrobnich-hal-a-pracovist\/#primaryimage\"},\"thumbnailUrl\":\"https:\/\/ledco.sk\/wp-content\/uploads\/2019\/09\/osvetlenie-priemyselnych-hal-skladov-vyroby-exterieru-ledco-thorlux_03.jpg\",\"datePublished\":\"2021-07-19T11:17:42+00:00\",\"description\":\". Ve v\u00fdrobn\u00edch oblastech mus\u00ed sv\u011btlo v prvn\u00ed \u0159ad\u011b umo\u017e\u0148ovat bezpe\u010dnou a bezchybnou pr\u00e1ci. |\",\"breadcrumb\":{\"@id\":\"https:\/\/ledco.sk\/cs\/blog\/osvetleni-vyrobnich-hal-a-pracovist\/#breadcrumb\"},\"inLanguage\":\"cs\",\"potentialAction\":[{\"@type\":\"ReadAction\",\"target\":[\"https:\/\/ledco.sk\/cs\/blog\/osvetleni-vyrobnich-hal-a-pracovist\/\"]}]},{\"@type\":\"ImageObject\",\"inLanguage\":\"cs\",\"@id\":\"https:\/\/ledco.sk\/cs\/blog\/osvetleni-vyrobnich-hal-a-pracovist\/#primaryimage\",\"url\":\"https:\/\/ledco.sk\/wp-content\/uploads\/2019\/09\/osvetlenie-priemyselnych-hal-skladov-vyroby-exterieru-ledco-thorlux_03.jpg\",\"contentUrl\":\"https:\/\/ledco.sk\/wp-content\/uploads\/2019\/09\/osvetlenie-priemyselnych-hal-skladov-vyroby-exterieru-ledco-thorlux_03.jpg\",\"width\":1600,\"height\":1000,\"caption\":\"osv\u011btlen\u00ed pr\u016fmyslov\u00fdch a v\u00fdrobn\u00edch hal, z\u00e1vod\u016f, sklad\u016f a exteri\u00e9ru\"},{\"@type\":\"BreadcrumbList\",\"@id\":\"https:\/\/ledco.sk\/cs\/blog\/osvetleni-vyrobnich-hal-a-pracovist\/#breadcrumb\",\"itemListElement\":[{\"@type\":\"ListItem\",\"position\":1,\"name\":\"Home\",\"item\":\"https:\/\/ledco.sk\/cs\/\"},{\"@type\":\"ListItem\",\"position\":2,\"name\":\"Blogy\",\"item\":\"https:\/\/ledco.sk\/cs\/blog\/\"},{\"@type\":\"ListItem\",\"position\":3,\"name\":\"Osv\u011btlen\u00ed v\u00fdrobn\u00edch hal a pracovi\u0161\u0165\"}]},{\"@type\":\"WebSite\",\"@id\":\"https:\/\/ledco.sk\/cs\/#website\",\"url\":\"https:\/\/ledco.sk\/cs\/\",\"name\":\"Ledco\",\"description\":\"Predaj svietidiel, n\u00e1vrh, poradenstvo a realiz\u00e1cia osvetlenia\",\"publisher\":{\"@id\":\"https:\/\/ledco.sk\/cs\/#organization\"},\"potentialAction\":[{\"@type\":\"SearchAction\",\"target\":{\"@type\":\"EntryPoint\",\"urlTemplate\":\"https:\/\/ledco.sk\/cs\/?s={search_term_string}\"},\"query-input\":{\"@type\":\"PropertyValueSpecification\",\"valueRequired\":true,\"valueName\":\"search_term_string\"}}],\"inLanguage\":\"cs\"},{\"@type\":\"Organization\",\"@id\":\"https:\/\/ledco.sk\/cs\/#organization\",\"name\":\"LEDCO s.r.o.\",\"url\":\"https:\/\/ledco.sk\/cs\/\",\"logo\":{\"@type\":\"ImageObject\",\"inLanguage\":\"cs\",\"@id\":\"https:\/\/ledco.sk\/cs\/#\/schema\/logo\/image\/\",\"url\":\"https:\/\/ledco.sk\/wp-content\/uploads\/2020\/03\/Logo_LEDCO.jpg\",\"contentUrl\":\"https:\/\/ledco.sk\/wp-content\/uploads\/2020\/03\/Logo_LEDCO.jpg\",\"width\":230,\"height\":73,\"caption\":\"LEDCO s.r.o.\"},\"image\":{\"@id\":\"https:\/\/ledco.sk\/cs\/#\/schema\/logo\/image\/\"},\"sameAs\":[\"https:\/\/www.facebook.com\/pages\/LEDCO-sro\/172577579457232?fref=ts\",\"https:\/\/x.com\/ledcolighting\",\"https:\/\/www.instagram.com\/ledco_lighting\/\",\"https:\/\/pinterest.com\/ledcolighting\/\",\"https:\/\/www.youtube.com\/user\/ledcoled\"]}]}<\/script>\n<!-- \/ Yoast SEO plugin. -->","yoast_head_json":{"title":"Osv\u011btlen\u00ed v\u00fdrobn\u00edch hal a pracovi\u0161\u0165 - Ledco","description":". Ve v\u00fdrobn\u00edch oblastech mus\u00ed sv\u011btlo v prvn\u00ed \u0159ad\u011b umo\u017e\u0148ovat bezpe\u010dnou a bezchybnou pr\u00e1ci. |","robots":{"index":"index","follow":"follow","max-snippet":"max-snippet:-1","max-image-preview":"max-image-preview:large","max-video-preview":"max-video-preview:-1"},"canonical":"https:\/\/ledco.sk\/cs\/blog\/osvetleni-vyrobnich-hal-a-pracovist\/","og_locale":"cs_CZ","og_type":"article","og_title":"Osv\u011btlen\u00ed v\u00fdrobn\u00edch hal a pracovi\u0161\u0165 - Ledco","og_description":". Ve v\u00fdrobn\u00edch oblastech mus\u00ed sv\u011btlo v prvn\u00ed \u0159ad\u011b umo\u017e\u0148ovat bezpe\u010dnou a bezchybnou pr\u00e1ci. |","og_url":"https:\/\/ledco.sk\/cs\/blog\/osvetleni-vyrobnich-hal-a-pracovist\/","og_site_name":"Ledco","article_publisher":"https:\/\/www.facebook.com\/pages\/LEDCO-sro\/172577579457232?fref=ts","og_image":[{"width":1600,"height":1000,"url":"https:\/\/ledco.sk\/wp-content\/uploads\/2019\/09\/osvetlenie-priemyselnych-hal-skladov-vyroby-exterieru-ledco-thorlux_03.jpg","type":"image\/jpeg"}],"twitter_card":"summary_large_image","twitter_site":"@ledcolighting","twitter_misc":{"Odhadovan\u00e1 doba \u010dten\u00ed":"1 minuta"},"schema":{"@context":"https:\/\/schema.org","@graph":[{"@type":"WebPage","@id":"https:\/\/ledco.sk\/cs\/blog\/osvetleni-vyrobnich-hal-a-pracovist\/","url":"https:\/\/ledco.sk\/cs\/blog\/osvetleni-vyrobnich-hal-a-pracovist\/","name":"Osv\u011btlen\u00ed v\u00fdrobn\u00edch hal a pracovi\u0161\u0165 - Ledco","isPartOf":{"@id":"https:\/\/ledco.sk\/cs\/#website"},"primaryImageOfPage":{"@id":"https:\/\/ledco.sk\/cs\/blog\/osvetleni-vyrobnich-hal-a-pracovist\/#primaryimage"},"image":{"@id":"https:\/\/ledco.sk\/cs\/blog\/osvetleni-vyrobnich-hal-a-pracovist\/#primaryimage"},"thumbnailUrl":"https:\/\/ledco.sk\/wp-content\/uploads\/2019\/09\/osvetlenie-priemyselnych-hal-skladov-vyroby-exterieru-ledco-thorlux_03.jpg","datePublished":"2021-07-19T11:17:42+00:00","description":". Ve v\u00fdrobn\u00edch oblastech mus\u00ed sv\u011btlo v prvn\u00ed \u0159ad\u011b umo\u017e\u0148ovat bezpe\u010dnou a bezchybnou pr\u00e1ci. |","breadcrumb":{"@id":"https:\/\/ledco.sk\/cs\/blog\/osvetleni-vyrobnich-hal-a-pracovist\/#breadcrumb"},"inLanguage":"cs","potentialAction":[{"@type":"ReadAction","target":["https:\/\/ledco.sk\/cs\/blog\/osvetleni-vyrobnich-hal-a-pracovist\/"]}]},{"@type":"ImageObject","inLanguage":"cs","@id":"https:\/\/ledco.sk\/cs\/blog\/osvetleni-vyrobnich-hal-a-pracovist\/#primaryimage","url":"https:\/\/ledco.sk\/wp-content\/uploads\/2019\/09\/osvetlenie-priemyselnych-hal-skladov-vyroby-exterieru-ledco-thorlux_03.jpg","contentUrl":"https:\/\/ledco.sk\/wp-content\/uploads\/2019\/09\/osvetlenie-priemyselnych-hal-skladov-vyroby-exterieru-ledco-thorlux_03.jpg","width":1600,"height":1000,"caption":"osv\u011btlen\u00ed pr\u016fmyslov\u00fdch a v\u00fdrobn\u00edch hal, z\u00e1vod\u016f, sklad\u016f a exteri\u00e9ru"},{"@type":"BreadcrumbList","@id":"https:\/\/ledco.sk\/cs\/blog\/osvetleni-vyrobnich-hal-a-pracovist\/#breadcrumb","itemListElement":[{"@type":"ListItem","position":1,"name":"Home","item":"https:\/\/ledco.sk\/cs\/"},{"@type":"ListItem","position":2,"name":"Blogy","item":"https:\/\/ledco.sk\/cs\/blog\/"},{"@type":"ListItem","position":3,"name":"Osv\u011btlen\u00ed v\u00fdrobn\u00edch hal a pracovi\u0161\u0165"}]},{"@type":"WebSite","@id":"https:\/\/ledco.sk\/cs\/#website","url":"https:\/\/ledco.sk\/cs\/","name":"Ledco","description":"Predaj svietidiel, n\u00e1vrh, poradenstvo a realiz\u00e1cia osvetlenia","publisher":{"@id":"https:\/\/ledco.sk\/cs\/#organization"},"potentialAction":[{"@type":"SearchAction","target":{"@type":"EntryPoint","urlTemplate":"https:\/\/ledco.sk\/cs\/?s={search_term_string}"},"query-input":{"@type":"PropertyValueSpecification","valueRequired":true,"valueName":"search_term_string"}}],"inLanguage":"cs"},{"@type":"Organization","@id":"https:\/\/ledco.sk\/cs\/#organization","name":"LEDCO s.r.o.","url":"https:\/\/ledco.sk\/cs\/","logo":{"@type":"ImageObject","inLanguage":"cs","@id":"https:\/\/ledco.sk\/cs\/#\/schema\/logo\/image\/","url":"https:\/\/ledco.sk\/wp-content\/uploads\/2020\/03\/Logo_LEDCO.jpg","contentUrl":"https:\/\/ledco.sk\/wp-content\/uploads\/2020\/03\/Logo_LEDCO.jpg","width":230,"height":73,"caption":"LEDCO s.r.o."},"image":{"@id":"https:\/\/ledco.sk\/cs\/#\/schema\/logo\/image\/"},"sameAs":["https:\/\/www.facebook.com\/pages\/LEDCO-sro\/172577579457232?fref=ts","https:\/\/x.com\/ledcolighting","https:\/\/www.instagram.com\/ledco_lighting\/","https:\/\/pinterest.com\/ledcolighting\/","https:\/\/www.youtube.com\/user\/ledcoled"]}]}},"_links":{"self":[{"href":"https:\/\/ledco.sk\/cs\/wp-json\/wp\/v2\/blog\/107138","targetHints":{"allow":["GET"]}}],"collection":[{"href":"https:\/\/ledco.sk\/cs\/wp-json\/wp\/v2\/blog"}],"about":[{"href":"https:\/\/ledco.sk\/cs\/wp-json\/wp\/v2\/types\/blog"}],"replies":[{"embeddable":true,"href":"https:\/\/ledco.sk\/cs\/wp-json\/wp\/v2\/comments?post=107138"}],"version-history":[{"count":0,"href":"https:\/\/ledco.sk\/cs\/wp-json\/wp\/v2\/blog\/107138\/revisions"}],"wp:featuredmedia":[{"embeddable":true,"href":"https:\/\/ledco.sk\/cs\/wp-json\/wp\/v2\/media\/94067"}],"wp:attachment":[{"href":"https:\/\/ledco.sk\/cs\/wp-json\/wp\/v2\/media?parent=107138"}],"wp:term":[{"taxonomy":"post_tag","embeddable":true,"href":"https:\/\/ledco.sk\/cs\/wp-json\/wp\/v2\/tags?post=107138"},{"taxonomy":"blog_category","embeddable":true,"href":"https:\/\/ledco.sk\/cs\/wp-json\/wp\/v2\/blog_category?post=107138"}],"curies":[{"name":"wp","href":"https:\/\/api.w.org\/{rel}","templated":true}]}}