{"id":107013,"date":"2021-07-12T11:48:29","date_gmt":"2021-07-12T09:48:29","guid":{"rendered":"https:\/\/ledco.sk\/linearni-osvetlovaci-system-linealed\/"},"modified":"2021-07-12T11:48:29","modified_gmt":"2021-07-12T09:48:29","slug":"linearni-osvetlovaci-system-linealed","status":"publish","type":"post","link":"https:\/\/ledco.sk\/cs\/linearni-osvetlovaci-system-linealed\/","title":{"rendered":"Line\u00e1rn\u00ed osv\u011btlovac\u00ed syst\u00e9m &#8211; LineaLED"},"content":{"rendered":"<h1>Line\u00e1rn\u00ed osv\u011btlovac\u00ed syst\u00e9m &#8211; LineaLED<\/h1>\n<figure id=\"attachment_93523\" aria-describedby=\"caption-attachment-93523\" style=\"width: 477px\" class=\"wp-caption alignright\"><img fetchpriority=\"high\" decoding=\"async\" class=\"wp-image-93523 size-full\" src=\"https:\/\/ledco.sk\/wp-content\/uploads\/2015\/01\/linearny-profilovy-osvetlovacy-system-led-01.jpg\" alt=\"LED liniov\u00e9 sv\u00edtidlo pro pr\u016fmyslov\u00e9 haly, obchodn\u00ed prostory a kancel\u00e1\u0159e. Modul\u00e1rn\u00ed profilov\u00fd syt\u00e9m osv\u011btlen\u00ed.\" width=\"477\" height=\"433\" srcset=\"https:\/\/ledco.sk\/wp-content\/uploads\/2015\/01\/linearny-profilovy-osvetlovacy-system-led-01.jpg 477w, https:\/\/ledco.sk\/wp-content\/uploads\/2015\/01\/linearny-profilovy-osvetlovacy-system-led-01-300x272.jpg 300w, https:\/\/ledco.sk\/wp-content\/uploads\/2015\/01\/linearny-profilovy-osvetlovacy-system-led-01-386x350.jpg 386w\" sizes=\"(max-width: 477px) 100vw, 477px\" \/><figcaption id=\"caption-attachment-93523\" class=\"wp-caption-text\">LED liniov\u00e9 sv\u00edtidlo pro pr\u016fmyslov\u00e9 haly, obchodn\u00ed prostory a kancel\u00e1\u0159e. Modul\u00e1rn\u00ed profilov\u00fd syt\u00e9m osv\u011btlen\u00ed.<\/figcaption><\/figure>\n<p>Line\u00e1rn\u00ed LED sv\u00edtidlo od spole\u010dnosti Ledco s.r.o. je energeticky efektivn\u00ed n\u00e1hrada za line\u00e1rn\u00ed z\u00e1\u0159ivkov\u00e9 osv\u011btlovac\u00ed syst\u00e9my pro v\u0161estrann\u00e9 pou\u017eit\u00ed v pr\u016fmyslu \u010di komer\u010dn\u00edch a administrativn\u00edch budov\u00e1ch. Je vhodn\u00fd jak \u00fasporn\u011bj\u0161\u00ed alternativa za konven\u010dn\u00ed osv\u011btlovac\u00ed syst\u00e9my, jako\u017e i ide\u00e1ln\u00ed \u0159e\u0161en\u00ed pro nov\u00e9 sv\u011bteln\u00e9 instalace.<br \/>\nVyzna\u010duje se vynikaj\u00edc\u00edmi sv\u011bteln\u00fdmi parametry, co\u017e je d\u016fsledek pou\u017eit\u00ed nejmodern\u011bj\u0161\u00edch LED sv\u011bteln\u00fdch zdroj\u016f. Cel\u00fd syst\u00e9m v sob\u011b zahrnuje rozvod elektroinstalace, nap\u00e1jec\u00ed p\u0159\u00edpadn\u011b nouzov\u00e9 zdroje, a LED moduly s variabiln\u00ed optikou. Nepot\u0159ebujete tahat kabel\u00e1\u017e ke ka\u017ed\u00e9mu sv\u00edtidlu samostatn\u011b, v\u0161e je sou\u010d\u00e1st\u00ed line\u00e1rn\u00edho syst\u00e9mu. Samoz\u0159ejmost\u00ed jsou tak\u00e9 mo\u017enosti v\u00edcef\u00e1zov\u00e9ho sp\u00edn\u00e1n\u00ed, stm\u00edv\u00e1n\u00ed pomoc\u00ed protokolu DALI \u010di nouzov\u00e9 sv\u00edcen\u00ed s ditribuovan\u00fdmi \u010di cent\u00e1ln\u00ed z\u00e1lo\u017en\u00edmi zdroji. K dispozici jsou r\u016fzn\u00e9 sv\u011bteln\u00e9 charakteristiky sv\u00edtidel, kter\u00e9 zaji\u0161\u0165uj\u00ed klipovac\u00ed optick\u00e9 moduly. Projektantovi t\u00edm syst\u00e9m otev\u00edr\u00e1 \u0161irok\u00e9 mo\u017enosti pou\u017eit\u00ed pro r\u016fzn\u00e9 typy osv\u011btlovan\u00fdch prostor\u016f (reg\u00e1lov\u00e9 sklady, chodby, uli\u010dky, v\u00fdrobn\u00ed prostory, prodejn\u00ed a kancel\u00e1\u0159sk\u00e9 prostory, a mnoh\u00e9 jin\u00e9). V\u00fdvoj\u00e1\u0159i si dali z\u00e1le\u017eet na propracovan\u00e9 konstrukci syst\u00e9mu, \u010d\u00edm\u017e je zaji\u0161t\u011bna vynikaj\u00edc\u00ed Provozuschopnost v p\u0159\u00edpad\u011b poruchy \u010di modifikace syst\u00e9mu. Instalaci a p\u0159\u00edpadnou v\u00fdm\u011bnu modul\u016f zvl\u00e1dne pov\u011b\u0159en\u00e1 osoba jednodu\u0161e bez zbyte\u010dn\u00e9ho n\u00e1\u0159ad\u00ed.<\/p>\n<p><strong>V\u00fdhody<\/strong><\/p>\n<ul>\n<li>Cenov\u011b efektivn\u00ed \u0159e\u0161en\u00ed liniov\u00e9ho osv\u011btlen\u00ed do pr\u016fmyslu, komer\u010dn\u00edch a jin\u00fdch prostor\u016f.<\/li>\n<li>Sv\u011btlo v\u00fdborn\u00e9 kvality s vysok\u00fdm sv\u011bteln\u00fdm v\u00fdkonem pro uspokojen\u00ed r\u016fzn\u00fdch po\u017eadavk\u016f.<\/li>\n<li>Dlouh\u00e1 \u017eivotnost a servisn\u00ed interval.<\/li>\n<li>Jednoduch\u00e1 instalace, modifikace a servisovatelnost.<\/li>\n<li>Flexibiln\u00ed \u0159e\u0161en\u00ed.<\/li>\n<\/ul>\n<p><strong>Pou\u017eit\u00ed<\/strong><br \/>\nKomer\u010dn\u00ed prostory, pr\u016fmyslov\u00e9 haly, skladov\u00e9 prostory, kancel\u00e1\u0159e, a jin\u00e9.<\/p>\n<p><strong>Sv\u00edtidlo<\/strong><\/p>\n<figure id=\"attachment_93539\" aria-describedby=\"caption-attachment-93539\" style=\"width: 300px\" class=\"wp-caption alignright\"><img decoding=\"async\" class=\"wp-image-5359 size-medium\" src=\"https:\/\/ledco.sk\/wp-content\/uploads\/2015\/01\/linearny-profilovy-osvetlovacy-system-led-10-300x138.jpg\" alt=\"LED l\u00edniov\u00e9 svietidlo pre priemyseln\u00e9 haly, obchodn\u00e9 priestory a kancel\u00e1rie. Modul\u00e1rny profilov\u00fd syt\u00e9m osvetlenia.\" width=\"300\" height=\"138\" srcset=\"https:\/\/ledco.sk\/wp-content\/uploads\/2015\/01\/linearny-profilovy-osvetlovacy-system-led-10-300x138.jpg 300w, https:\/\/ledco.sk\/wp-content\/uploads\/2015\/01\/linearny-profilovy-osvetlovacy-system-led-10-600x277.jpg 600w, https:\/\/ledco.sk\/wp-content\/uploads\/2015\/01\/linearny-profilovy-osvetlovacy-system-led-10-560x258.jpg 560w, https:\/\/ledco.sk\/wp-content\/uploads\/2015\/01\/linearny-profilovy-osvetlovacy-system-led-10.jpg 731w\" sizes=\"(max-width: 300px) 100vw, 300px\" \/><figcaption id=\"caption-attachment-93539\" class=\"wp-caption-text\">Modulov\u00e9 LED svietidlo LineaLED<\/figcaption><\/figure>\n<p>Souvisl\u00e1 linie LED osv\u011btlen\u00ed je tvo\u0159ena dv\u011bma sou\u010d\u00e1stmi, nosn\u00fdm profilem a LED sv\u00edtilnou. Syst\u00e9m vytv\u00e1\u0159\u00ed nep\u0159eru\u0161ovan\u00fd sv\u011bteln\u00fd p\u00e1s bez viditeln\u00fdch tmav\u00fdch m\u00edst a r\u016fzn\u00fdch reflektor\u016f. Jednotliv\u00e9 typy sv\u011bteln\u00fdch charakterist\u00fdk jsou zaji\u0161t\u011bny r\u016fzn\u00fdm optick\u00fdm modulem.<\/p>\n<p>LED sv\u00edtidla i nosn\u00e9 profily jsou dostupn\u00e9 v n\u00e1sleduj\u00edc\u00edch d\u00e9lk\u00e1ch a p\u0159\u00edkonech:<\/p>\n<ul>\n<li>595mm\u00a0\u00a0\u00a0\u00a0\u00a0\u00a0\u00a0\u00a0\u00a0\u00a0\u00a0\u00a0\u00a0\u00a0\u00a0 16W \/ 26W \/ 32W<\/li>\n<li>1478mm\u00a0\u00a0\u00a0\u00a0\u00a0\u00a0\u00a0\u00a0\u00a0\u00a0\u00a0\u00a0 45W \/ 65W \/ 80W<\/li>\n<\/ul>\n<p>&nbsp;<\/p>\n<figure id=\"attachment_93581\" aria-describedby=\"caption-attachment-93581\" style=\"width: 300px\" class=\"wp-caption alignright\"><img decoding=\"async\" class=\"wp-image-5381 size-medium\" src=\"https:\/\/ledco.sk\/wp-content\/uploads\/2015\/01\/linearny-profilovy-osvetlovacy-system-led-32-300x135.png\" alt=\"LED l\u00edniov\u00e9 svietidlo pre priemyseln\u00e9 haly, obchodn\u00e9 priestory a kancel\u00e1rie. Modul\u00e1rny profilov\u00fd syt\u00e9m osvetlenia.\" width=\"300\" height=\"135\" srcset=\"https:\/\/ledco.sk\/wp-content\/uploads\/2015\/01\/linearny-profilovy-osvetlovacy-system-led-32-300x135.png 300w, https:\/\/ledco.sk\/wp-content\/uploads\/2015\/01\/linearny-profilovy-osvetlovacy-system-led-32.png 491w\" sizes=\"(max-width: 300px) 100vw, 300px\" \/><figcaption id=\"caption-attachment-93581\" class=\"wp-caption-text\">LED sv\u011bteln\u00fd modul do nosn\u00e9ho profilu<\/figcaption><\/figure>\n<p>LED \u010dipy pou\u017eit\u00e9 v sv\u00edtidle maj\u00ed index barevn\u00e9ho pod\u00e1n\u00ed Ra&gt; 80 a jsou dostupn\u00e9 v barevn\u00fdch teplot\u00e1ch chromati\u010dnosti :<\/p>\n<ul>\n<li>3000K<\/li>\n<li>4000K<\/li>\n<li>6000K.<\/li>\n<\/ul>\n<p>Sv\u00edtidla maj\u00ed n\u00edzk\u00fd \u010dinitel osln\u011bn\u00ed UGR a spl\u0148uj\u00ed v\u0161echny ekologick\u00e9 po\u017eadavky a sm\u011brnice pro energeticky \u00fasporn\u00e9 stavby.<\/p>\n<p><strong>Optika<\/strong><\/p>\n<figure id=\"attachment_93545\" aria-describedby=\"caption-attachment-93545\" style=\"width: 300px\" class=\"wp-caption alignright\"><img loading=\"lazy\" decoding=\"async\" class=\"wp-image-5363 size-medium\" src=\"https:\/\/ledco.sk\/wp-content\/uploads\/2015\/01\/linearny-profilovy-osvetlovacy-system-led-14-300x125.jpg\" alt=\"LED l\u00edniov\u00e9 svietidlo pre priemyseln\u00e9 haly, obchodn\u00e9 priestory a kancel\u00e1rie. Modul\u00e1rny profilov\u00fd syt\u00e9m osvetlenia.\" width=\"300\" height=\"125\" srcset=\"https:\/\/ledco.sk\/wp-content\/uploads\/2015\/01\/linearny-profilovy-osvetlovacy-system-led-14-300x125.jpg 300w, https:\/\/ledco.sk\/wp-content\/uploads\/2015\/01\/linearny-profilovy-osvetlovacy-system-led-14-1024x427.jpg 1024w, https:\/\/ledco.sk\/wp-content\/uploads\/2015\/01\/linearny-profilovy-osvetlovacy-system-led-14-768x321.jpg 768w, https:\/\/ledco.sk\/wp-content\/uploads\/2015\/01\/linearny-profilovy-osvetlovacy-system-led-14-600x250.jpg 600w, https:\/\/ledco.sk\/wp-content\/uploads\/2015\/01\/linearny-profilovy-osvetlovacy-system-led-14-618x258.jpg 618w, https:\/\/ledco.sk\/wp-content\/uploads\/2015\/01\/linearny-profilovy-osvetlovacy-system-led-14.jpg 1071w\" sizes=\"(max-width: 300px) 100vw, 300px\" \/><figcaption id=\"caption-attachment-93545\" class=\"wp-caption-text\">LED sveteln\u00fd modul &#8211; komplet<\/figcaption><\/figure>\n<p>\u0160irok\u00fd v\u00fdb\u011br optik od ostr\u00e9 a\u017e po \u0161irokou vyza\u0159ovac\u00ed charakteristiky, jako\u017e i asymetrick\u00e1 optika.<br \/>\nV\u00fdm\u011bnou difuzoru se p\u0159izp\u016fsobuje vhodn\u00e1 vyza\u0159ovac\u00ed charakteristika sv\u00edtidla.<\/p>\n<ul>\n<li>Ostr\u00fd \u00fahel vyza\u0159ov\u00e1n\u00ed \u2013 20\u00b0<\/li>\n<li>\u00dazk\u00fd \u00fahel vyza\u0159ov\u00e1n\u00ed \u2013 50\u00b0<\/li>\n<li>\u0160irok\u00fd \u00fahel vyza\u0159ov\u00e1n\u00ed \u2013 90\u00b0<\/li>\n<li>Ploch\u00fd \u00fahel vyza\u0159ov\u00e1n\u00ed\u2013 120\u00b0 a 160\u00b0<\/li>\n<li>Asymetrick\u00e9 vyza\u0159ov\u00e1n\u00ed<\/li>\n<li>Oboustrann\u011b asymetrick\u00e9 vyza\u0159ov\u00e1n\u00ed<\/li>\n<\/ul>\n<p>&nbsp;<\/p>\n<figure id=\"attachment_93521\" aria-describedby=\"caption-attachment-93521\" style=\"width: 871px\" class=\"wp-caption alignnone\"><img loading=\"lazy\" decoding=\"async\" class=\"wp-image-93521\" src=\"https:\/\/ledco.sk\/wp-content\/uploads\/2015\/01\/linearny-profilovy-osvetlovacy-system-led-33.png\" alt=\"Optick\u00fd modul pre LED svietidlo\" width=\"871\" height=\"59\" srcset=\"https:\/\/ledco.sk\/wp-content\/uploads\/2015\/01\/linearny-profilovy-osvetlovacy-system-led-33.png 1063w, https:\/\/ledco.sk\/wp-content\/uploads\/2015\/01\/linearny-profilovy-osvetlovacy-system-led-33-300x20.png 300w, https:\/\/ledco.sk\/wp-content\/uploads\/2015\/01\/linearny-profilovy-osvetlovacy-system-led-33-1024x69.png 1024w, https:\/\/ledco.sk\/wp-content\/uploads\/2015\/01\/linearny-profilovy-osvetlovacy-system-led-33-768x52.png 768w, https:\/\/ledco.sk\/wp-content\/uploads\/2015\/01\/linearny-profilovy-osvetlovacy-system-led-33-600x41.png 600w\" sizes=\"(max-width: 871px) 100vw, 871px\" \/><figcaption id=\"caption-attachment-93521\" class=\"wp-caption-text\">Optick\u00fd modul pre LED sv\u00edtidlo<\/figcaption><\/figure>\n<figure id=\"attachment_93583\" aria-describedby=\"caption-attachment-93583\" style=\"width: 871px\" class=\"wp-caption alignnone\"><img loading=\"lazy\" decoding=\"async\" class=\"wp-image-93583\" src=\"https:\/\/ledco.sk\/wp-content\/uploads\/2015\/01\/linearny-profilovy-osvetlovacy-system-led-34.jpg\" alt=\"Modul\u00e1rna optika pre LineaLED svietidlo\" width=\"871\" height=\"155\" srcset=\"https:\/\/ledco.sk\/wp-content\/uploads\/2015\/01\/linearny-profilovy-osvetlovacy-system-led-34.jpg 1406w, https:\/\/ledco.sk\/wp-content\/uploads\/2015\/01\/linearny-profilovy-osvetlovacy-system-led-34-300x53.jpg 300w, https:\/\/ledco.sk\/wp-content\/uploads\/2015\/01\/linearny-profilovy-osvetlovacy-system-led-34-1024x182.jpg 1024w, https:\/\/ledco.sk\/wp-content\/uploads\/2015\/01\/linearny-profilovy-osvetlovacy-system-led-34-768x137.jpg 768w, https:\/\/ledco.sk\/wp-content\/uploads\/2015\/01\/linearny-profilovy-osvetlovacy-system-led-34-600x107.jpg 600w\" sizes=\"(max-width: 871px) 100vw, 871px\" \/><figcaption id=\"caption-attachment-93583\" class=\"wp-caption-text\">Modul\u00e1rn\u00ed optika pro LineaLED sv\u00edtidlo<\/figcaption><\/figure>\n<p>&nbsp;<\/p>\n<figure id=\"attachment_93585\" aria-describedby=\"caption-attachment-93585\" style=\"width: 405px\" class=\"wp-caption alignright\"><img loading=\"lazy\" decoding=\"async\" class=\"wp-image-93585\" src=\"https:\/\/ledco.sk\/wp-content\/uploads\/2015\/01\/linearny-profilovy-osvetlovacy-system-led-35.jpg\" alt=\"Elektroin\u0161tal\u00e1cia v nosnom profile - 5, 7 a 11 vodi\u010dov\u00e1 s\u00fastava\" width=\"405\" height=\"295\" srcset=\"https:\/\/ledco.sk\/wp-content\/uploads\/2015\/01\/linearny-profilovy-osvetlovacy-system-led-35.jpg 1045w, https:\/\/ledco.sk\/wp-content\/uploads\/2015\/01\/linearny-profilovy-osvetlovacy-system-led-35-300x219.jpg 300w, https:\/\/ledco.sk\/wp-content\/uploads\/2015\/01\/linearny-profilovy-osvetlovacy-system-led-35-1024x747.jpg 1024w, https:\/\/ledco.sk\/wp-content\/uploads\/2015\/01\/linearny-profilovy-osvetlovacy-system-led-35-768x560.jpg 768w, https:\/\/ledco.sk\/wp-content\/uploads\/2015\/01\/linearny-profilovy-osvetlovacy-system-led-35-600x438.jpg 600w, https:\/\/ledco.sk\/wp-content\/uploads\/2015\/01\/linearny-profilovy-osvetlovacy-system-led-35-480x350.jpg 480w, https:\/\/ledco.sk\/wp-content\/uploads\/2015\/01\/linearny-profilovy-osvetlovacy-system-led-35-960x700.jpg 960w\" sizes=\"(max-width: 405px) 100vw, 405px\" \/><figcaption id=\"caption-attachment-93585\" class=\"wp-caption-text\">Elektroin\u0161tal\u00e1cia v nosnom profile &#8211; 5, 7 a 11 vodi\u010dov\u00e1 s\u00fastava<\/figcaption><\/figure>\n<p><strong>Nosn\u00fd profil<\/strong><br \/>\nStandardn\u011b 3-f\u00e1zov\u00e1 instalace v profilu.<br \/>\nNosn\u00fd profil m\u016f\u017ee m\u00edt 5, 7 nebo 11 vodi\u010dovou instalaci s pou\u017eit\u00edm vodi\u010d\u016f s pr\u016f\u0159ezem 2.5mm2.<br \/>\nMaxim\u00e1ln\u00ed proudov\u00e9 zat\u00ed\u017een\u00ed je 16A, umo\u017e\u0148uj\u00edc\u00ed 44ks 150cm modul\u016f s p\u0159\u00edkonem po 80W v jedn\u00e9 s\u00e9rii.<br \/>\nSamostatn\u00e9 nap\u00e1jec\u00ed zdroje s mo\u017enost\u00ed integrace nouzov\u00e9ho zdroje.<br \/>\nElektrick\u00e1 p\u0159\u00edpojka na konci nebo uprost\u0159ed liniov\u00e9ho syst\u00e9mu pomoc\u00ed nap\u00e1jec\u00edho modulu.<\/p>\n<p>Profily maj\u00ed osazeny propojovac\u00ed mechanick\u00e9 i elektrick\u00e9 konektory.<br \/>\nFlexibiln\u00ed propojovac\u00ed kabely na za\u010d\u00e1tku i konci profilu.<br \/>\nVelk\u00e1 vzd\u00e1lenost mezi z\u00e1v\u011bsy a\u017e do 3.5m s pou\u017eit\u00edm samonosn\u00e9ho spojovac\u00edho modulu.<\/p>\n<p><strong>Instalace<\/strong><br \/>\n3m rozestupy z\u00e1v\u011bsn\u00fdch lanek umo\u017e\u0148uj\u00ed rychlej\u0161\u00ed a snadn\u011bj\u0161\u00ed instalaci s men\u0161\u00edm po\u010dtem z\u00e1v\u011bsn\u00fdch bod\u016f.<\/p>\n<p>&nbsp;<\/p>\n<figure id=\"attachment_93587\" aria-describedby=\"caption-attachment-93587\" style=\"width: 556px\" class=\"wp-caption alignnone\"><img loading=\"lazy\" decoding=\"async\" class=\" wp-image-93587\" src=\"https:\/\/ledco.sk\/wp-content\/uploads\/2015\/01\/linearny-profilovy-osvetlovacy-system-led-36.jpg\" alt=\"sp\u00f4soby zavesenia line\u00e1rneho LED svietidla\" width=\"556\" height=\"183\" srcset=\"https:\/\/ledco.sk\/wp-content\/uploads\/2015\/01\/linearny-profilovy-osvetlovacy-system-led-36.jpg 991w, https:\/\/ledco.sk\/wp-content\/uploads\/2015\/01\/linearny-profilovy-osvetlovacy-system-led-36-300x99.jpg 300w, https:\/\/ledco.sk\/wp-content\/uploads\/2015\/01\/linearny-profilovy-osvetlovacy-system-led-36-768x253.jpg 768w, https:\/\/ledco.sk\/wp-content\/uploads\/2015\/01\/linearny-profilovy-osvetlovacy-system-led-36-600x197.jpg 600w\" sizes=\"(max-width: 556px) 100vw, 556px\" \/><figcaption id=\"caption-attachment-93587\" class=\"wp-caption-text\">zp\u016fsoby zav\u011b\u0161en\u00ed line\u00e1rn\u00edho LED sv\u00edtidla<\/figcaption><\/figure>\n<ul>\n<li>\u0159et\u011bz<\/li>\n<li>lanko<\/li>\n<li>ty\u010d<\/li>\n<li>p\u0159isazen\u00e9<\/li>\n<li>zapu\u0161t\u011bn\u00e9<\/li>\n<\/ul>\n<p><strong>Spojovac\u00ed komponenty<\/strong><br \/>\nRohov\u00e9 spojky roz\u0161i\u0159uj\u00ed mo\u017enosti spojov\u00e1n\u00ed jednotliv\u00fdch lini\u00ed o tvary L, T a X. Ka\u017ed\u00e1 rohov\u00e1 spojka obsahuje vstupn\u00ed a v\u00fdstupn\u00ed konektory pro snadn\u00e9 propojen\u00ed lini\u00ed bez jak\u00e9hokoliv n\u00e1\u0159ad\u00ed \u010di kabel\u00e1\u017ee.<\/p>\n<figure id=\"attachment_93589\" aria-describedby=\"caption-attachment-93589\" style=\"width: 675px\" class=\"wp-caption alignnone\"><img loading=\"lazy\" decoding=\"async\" class=\"size-large wp-image-5386\" src=\"https:\/\/ledco.sk\/wp-content\/uploads\/2015\/01\/linearny-profilovy-osvetlovacy-system-led-37-1024x271.jpg\" alt=\"Spojovacie moduly pre LED line\u00e1rne svietidl\u00e1 tvaru L, T a X\" width=\"675\" height=\"178\" srcset=\"https:\/\/ledco.sk\/wp-content\/uploads\/2015\/01\/linearny-profilovy-osvetlovacy-system-led-37-1024x271.jpg 1024w, https:\/\/ledco.sk\/wp-content\/uploads\/2015\/01\/linearny-profilovy-osvetlovacy-system-led-37-300x80.jpg 300w, https:\/\/ledco.sk\/wp-content\/uploads\/2015\/01\/linearny-profilovy-osvetlovacy-system-led-37-768x204.jpg 768w, https:\/\/ledco.sk\/wp-content\/uploads\/2015\/01\/linearny-profilovy-osvetlovacy-system-led-37-600x159.jpg 600w, https:\/\/ledco.sk\/wp-content\/uploads\/2015\/01\/linearny-profilovy-osvetlovacy-system-led-37-974x258.jpg 974w, https:\/\/ledco.sk\/wp-content\/uploads\/2015\/01\/linearny-profilovy-osvetlovacy-system-led-37.jpg 1366w\" sizes=\"(max-width: 675px) 100vw, 675px\" \/><figcaption id=\"caption-attachment-93589\" class=\"wp-caption-text\">Spojovac\u00ed moduly pro LED line\u00e1rn\u00ed sv\u00edtidla tvaru L, T a X<\/figcaption><\/figure>\n<ul>\n<li>spojka tvaru L<\/li>\n<li>spojka tvaru T<\/li>\n<li>spojka tvaru X<\/li>\n<\/ul>\n<p>P\u0159\u00edklad pou\u017eit\u00ed v\u0161ech 3 typ\u016f rohov\u00fdch spojek<br \/>\n<strong>\u00a0<\/strong><\/p>\n<figure id=\"attachment_93591\" aria-describedby=\"caption-attachment-93591\" style=\"width: 672px\" class=\"wp-caption alignnone\"><img loading=\"lazy\" decoding=\"async\" class=\"wp-image-93591 \" src=\"https:\/\/ledco.sk\/wp-content\/uploads\/2015\/01\/linearny-profilovy-osvetlovacy-system-led-38.png\" alt=\"Sp\u00f4sob zapojenia linearneho LED modulov\u00e9ho svietidla\" width=\"672\" height=\"468\" srcset=\"https:\/\/ledco.sk\/wp-content\/uploads\/2015\/01\/linearny-profilovy-osvetlovacy-system-led-38.png 803w, https:\/\/ledco.sk\/wp-content\/uploads\/2015\/01\/linearny-profilovy-osvetlovacy-system-led-38-300x209.png 300w, https:\/\/ledco.sk\/wp-content\/uploads\/2015\/01\/linearny-profilovy-osvetlovacy-system-led-38-768x535.png 768w, https:\/\/ledco.sk\/wp-content\/uploads\/2015\/01\/linearny-profilovy-osvetlovacy-system-led-38-600x418.png 600w, https:\/\/ledco.sk\/wp-content\/uploads\/2015\/01\/linearny-profilovy-osvetlovacy-system-led-38-503x350.png 503w\" sizes=\"(max-width: 672px) 100vw, 672px\" \/><figcaption id=\"caption-attachment-93591\" class=\"wp-caption-text\">Zp\u016fsob zapojen\u00ed line\u00e1rn\u00edho LED modulov\u00e9ho sv\u00edtidla<\/figcaption><\/figure>\n<p><strong>\u00a0<\/strong><br \/>\nFunkce nouzov\u00e9ho osv\u011btlen\u00ed<\/p>\n<figure id=\"attachment_93593\" aria-describedby=\"caption-attachment-93593\" style=\"width: 300px\" class=\"wp-caption alignright\"><img loading=\"lazy\" decoding=\"async\" class=\"size-medium wp-image-5388\" src=\"https:\/\/ledco.sk\/wp-content\/uploads\/2015\/01\/linearny-profilovy-osvetlovacy-system-led-40-300x146.png\" alt=\"Modul LED bodov\u00e9ho n\u00fadzov\u00e9ho svietidla\" width=\"300\" height=\"146\" srcset=\"https:\/\/ledco.sk\/wp-content\/uploads\/2015\/01\/linearny-profilovy-osvetlovacy-system-led-40-300x146.png 300w, https:\/\/ledco.sk\/wp-content\/uploads\/2015\/01\/linearny-profilovy-osvetlovacy-system-led-40.png 332w\" sizes=\"(max-width: 300px) 100vw, 300px\" \/><figcaption id=\"caption-attachment-93593\" class=\"wp-caption-text\">Modul LED bodov\u00e9ho nouzov\u00e9ho sv\u00edtidla<\/figcaption><\/figure>\n<p>Syst\u00e9m m\u016f\u017ee pracovat na b\u011b\u017en\u00e9 nap\u00e1jen\u00ed a p\u0159epnout se do nouzov\u00e9ho re\u017eimu v p\u0159\u00edpad\u011b v\u00fdpadku nap\u00e1jen\u00ed pro zachov\u00e1n\u00ed bezpe\u010dn\u00e9 \u00farovn\u011b osv\u011btlen\u00ed pro nouzov\u00e9 stavy a p\u0159\u00edpad evakuace.<br \/>\nDostupn\u00e9 jsou r\u016fzn\u00e9 bateriov\u00e9 moduly a dva nez\u00e1visl\u00e9 okruhy instalov\u00e1ny v nosn\u00e9m profilu pro centr\u00e1ln\u00ed nouzov\u00e9 zdroje.<br \/>\nMo\u017enost pou\u017eit\u00ed syst\u00e9mu nouzov\u00e9ho nap\u00e1jen\u00ed s centr\u00e1ln\u00ed bateri\u00ed \/ gener\u00e1torem EL1 EN1 a EL2 EN2. V tomto p\u0159\u00edpad\u011b jsou vybr\u00e1ny sv\u00edtidla nap\u00e1jeny p\u0159\u00edslu\u0161nou linkou (2 samostatn\u00e9 linky) na 100% v\u00fdkonu.<br \/>\nNebo integrovan\u00e1 baterie v modulu sv\u00edtidla, p\u0159i n\u011bm\u017e sv\u00edtidlo odeb\u00edr\u00e1 6W nebo 12W s dobou sv\u00edcen\u00ed 1.5h nebo 3h (v z\u00e1vislosti na po\u017eadavku). Nab\u00edjec\u00ed \u010das je standardn\u011b 24h.<br \/>\nDostupn\u00fd je i modul 5W bodov\u00e9ho LED sv\u00edtidla s d\u00e9lkou profilu 600m a s mo\u017enost\u00ed nat\u00e1\u010den\u00ed pro pou\u017eit\u00ed jako nouzov\u00e9 sv\u00edtidlo.<\/p>\n<figure id=\"attachment_93595\" aria-describedby=\"caption-attachment-93595\" style=\"width: 300px\" class=\"wp-caption alignright\"><img loading=\"lazy\" decoding=\"async\" class=\"size-medium wp-image-5389\" src=\"https:\/\/ledco.sk\/wp-content\/uploads\/2015\/01\/linearny-profilovy-osvetlovacy-system-led-39-300x252.png\" alt=\"N\u00fadzov\u00fd piktogram pre modulov\u00fd LED syst\u00e9m\" width=\"300\" height=\"252\" srcset=\"https:\/\/ledco.sk\/wp-content\/uploads\/2015\/01\/linearny-profilovy-osvetlovacy-system-led-39-300x252.png 300w, https:\/\/ledco.sk\/wp-content\/uploads\/2015\/01\/linearny-profilovy-osvetlovacy-system-led-39-307x258.png 307w, https:\/\/ledco.sk\/wp-content\/uploads\/2015\/01\/linearny-profilovy-osvetlovacy-system-led-39.png 309w\" sizes=\"(max-width: 300px) 100vw, 300px\" \/><figcaption id=\"caption-attachment-93595\" class=\"wp-caption-text\">Nouzov\u00fd piktogram pro modulov\u00fd LED syst\u00e9m<\/figcaption><\/figure>\n<p><strong>DALI a 1-10V stm\u00edvac\u00ed syst\u00e9m<\/strong><br \/>\nEfektivn\u00ed n\u00e1stroje pro \u0159\u00edzen\u00ed osv\u011btlen\u00ed jsou z\u00e1kladem pro zaji\u0161t\u011bn\u00ed kvalitn\u00edho osv\u011btlen\u00ed prostor v sou\u010dinnosti se sni\u017eov\u00e1n\u00edm n\u00e1klad\u016f na spot\u0159ebovan\u00fdch energi\u00edch. Spr\u00e1vn\u00e1 volba sv\u011bteln\u00e9ho managementu z\u00e1vis\u00ed na specifick\u00fdch podm\u00ednk\u00e1ch budovy a \u00fa\u010delu vyu\u017eit\u00ed osv\u011btlovan\u00fdch prostor.<br \/>\nS pou\u017eit\u00edm vhodn\u00e9ho syst\u00e9mu \u0159\u00edzen\u00ed osv\u011btlen\u00ed a dostate\u010dn\u00e9ho mno\u017estv\u00ed senzor\u016f bude V\u00e1\u0161 osv\u011btlovac\u00ed syst\u00e9m \u0161et\u0159it Va\u0161e pen\u00edze a \u017eivotn\u00ed prost\u0159ed\u00ed a ne \u010derpat Va\u0161e \u00fa\u010dty.<br \/>\nU syst\u00e9mu stm\u00edv\u00e1n\u00ed s protokolem DALI m\u016f\u017eete do liniov\u00e9ho syst\u00e9mu osadit adekv\u00e1tn\u011b senzory pohybu a intenzity osv\u011btlen\u00ed bez jak\u00e9koliv p\u0159\u00eddavn\u00e9 instalace. Profilov\u00fd syst\u00e9m m\u016f\u017ee m\u00edt DALI linku vedenou p\u0159\u00edmo v nosn\u00e9m profilu, a t\u00edm se vyhnete nutnosti dodate\u010dn\u00e9 kabel\u00e1\u017ee a mont\u00e1\u017ee senzor\u016f.<br \/>\nDostupn\u00e9 s\u00fa 4 typy stm\u00edv\u00e1n\u00ed:<\/p>\n<ul>\n<li>DALI stm\u00edv\u00e1n\u00ed<\/li>\n<li>1-10V stm\u00edv\u00e1n\u00ed<\/li>\n<li>PWM stm\u00edv\u00e1n\u00ed<\/li>\n<li>tla\u010didlov\u00e9 stm\u00edv\u00e1n\u00ed<\/li>\n<\/ul>\n<p>&nbsp;<\/p>\n","protected":false},"excerpt":{"rendered":"<p>Line\u00e1rn\u00ed osv\u011btlovac\u00ed syst\u00e9m &#8211; LineaLED Line\u00e1rn\u00ed LED sv\u00edtidlo od spole\u010dnosti Ledco s.r.o. je energeticky efektivn\u00ed n\u00e1hrada za line\u00e1rn\u00ed z\u00e1\u0159ivkov\u00e9 osv\u011btlovac\u00ed syst\u00e9my pro v\u0161estrann\u00e9 pou\u017eit\u00ed v pr\u016fmyslu \u010di komer\u010dn\u00edch a administrativn\u00edch budov\u00e1ch. Je vhodn\u00fd jak \u00fasporn\u011bj\u0161\u00ed alternativa za konven\u010dn\u00ed osv\u011btlovac\u00ed syst\u00e9my, jako\u017e i ide\u00e1ln\u00ed \u0159e\u0161en\u00ed pro nov\u00e9 sv\u011bteln\u00e9 instalace. Vyzna\u010duje se vynikaj\u00edc\u00edmi sv\u011bteln\u00fdmi parametry, co\u017e je [&hellip;]<\/p>\n","protected":false},"author":1,"featured_media":93523,"comment_status":"open","ping_status":"open","sticky":false,"template":"page_container.php","format":"standard","meta":{"_acf_changed":false,"footnotes":""},"categories":[8],"tags":[138,140],"class_list":["post-107013","post","type-post","status-publish","format-standard","has-post-thumbnail","hentry","category-uncategorized-cs","tag-obchodni-prostor","tag-prumysl"],"acf":[],"yoast_head":"<!-- This site is optimized with the Yoast SEO plugin v25.0 - https:\/\/yoast.com\/wordpress\/plugins\/seo\/ -->\n<title>Line\u00e1rn\u00ed osv\u011btlovac\u00ed syst\u00e9m - LineaLED - Ledco<\/title>\n<meta name=\"description\" content=\"Line\u00e1rn\u00ed LED sv\u00edtidlo od spole\u010dnosti Ledco s.r.o. je energeticky efektivn\u00ed n\u00e1hrada za line\u00e1rn\u00ed z\u00e1\u0159ivkov\u00e9 osv\u011btlovac\u00ed syst\u00e9my pro v\u0161estrann\u00e9 pou\u017eit\u00ed v pr\u016fmyslu \u010di komer\u010dn\u00edch a administrativn\u00edch prostor\u00e1ch. Je vhodn\u00fd jak \u00fasprnej\u0161ia alternativa za konven\u010dn\u00ed osv\u011btlovac\u00ed syst\u00e9my, jako\u017e i ide\u00e1ln\u00ed \u0159e\u0161en\u00ed pro nov\u00e9 sv\u011bteln\u00e9 instalace.\" \/>\n<meta name=\"robots\" content=\"index, follow, max-snippet:-1, max-image-preview:large, max-video-preview:-1\" \/>\n<link rel=\"canonical\" href=\"https:\/\/ledco.sk\/cs\/linearni-osvetlovaci-system-linealed\/\" \/>\n<meta property=\"og:locale\" content=\"cs_CZ\" \/>\n<meta property=\"og:type\" content=\"article\" \/>\n<meta property=\"og:title\" content=\"Line\u00e1rn\u00ed osv\u011btlovac\u00ed syst\u00e9m - LineaLED - Ledco\" \/>\n<meta property=\"og:description\" content=\"Line\u00e1rn\u00ed LED sv\u00edtidlo od spole\u010dnosti Ledco s.r.o. je energeticky efektivn\u00ed n\u00e1hrada za line\u00e1rn\u00ed z\u00e1\u0159ivkov\u00e9 osv\u011btlovac\u00ed syst\u00e9my pro v\u0161estrann\u00e9 pou\u017eit\u00ed v pr\u016fmyslu \u010di komer\u010dn\u00edch a administrativn\u00edch prostor\u00e1ch. Je vhodn\u00fd jak \u00fasprnej\u0161ia alternativa za konven\u010dn\u00ed osv\u011btlovac\u00ed syst\u00e9my, jako\u017e i ide\u00e1ln\u00ed \u0159e\u0161en\u00ed pro nov\u00e9 sv\u011bteln\u00e9 instalace.\" \/>\n<meta property=\"og:url\" content=\"https:\/\/ledco.sk\/cs\/linearni-osvetlovaci-system-linealed\/\" \/>\n<meta property=\"og:site_name\" content=\"Ledco\" \/>\n<meta property=\"article:publisher\" content=\"https:\/\/www.facebook.com\/pages\/LEDCO-sro\/172577579457232?fref=ts\" \/>\n<meta property=\"article:published_time\" content=\"2021-07-12T09:48:29+00:00\" \/>\n<meta property=\"og:image\" content=\"https:\/\/ledco.sk\/wp-content\/uploads\/2015\/01\/linearny-profilovy-osvetlovacy-system-led-01.jpg\" \/>\n\t<meta property=\"og:image:width\" content=\"477\" \/>\n\t<meta property=\"og:image:height\" content=\"433\" \/>\n\t<meta property=\"og:image:type\" content=\"image\/jpeg\" \/>\n<meta name=\"author\" content=\"Peter\" \/>\n<meta name=\"twitter:card\" content=\"summary_large_image\" \/>\n<meta name=\"twitter:creator\" content=\"@ledcolighting\" \/>\n<meta name=\"twitter:site\" content=\"@ledcolighting\" \/>\n<meta name=\"twitter:label1\" content=\"Napsal(a)\" \/>\n\t<meta name=\"twitter:data1\" content=\"Peter\" \/>\n\t<meta name=\"twitter:label2\" content=\"Odhadovan\u00e1 doba \u010dten\u00ed\" \/>\n\t<meta name=\"twitter:data2\" content=\"7 minut\" \/>\n<script type=\"application\/ld+json\" class=\"yoast-schema-graph\">{\"@context\":\"https:\/\/schema.org\",\"@graph\":[{\"@type\":\"Article\",\"@id\":\"https:\/\/ledco.sk\/cs\/linearni-osvetlovaci-system-linealed\/#article\",\"isPartOf\":{\"@id\":\"https:\/\/ledco.sk\/cs\/linearni-osvetlovaci-system-linealed\/\"},\"author\":{\"name\":\"Peter\",\"@id\":\"https:\/\/ledco.sk\/cs\/#\/schema\/person\/36e68047869b228046b848f8de5f76ea\"},\"headline\":\"Line\u00e1rn\u00ed osv\u011btlovac\u00ed syst\u00e9m &#8211; LineaLED\",\"datePublished\":\"2021-07-12T09:48:29+00:00\",\"mainEntityOfPage\":{\"@id\":\"https:\/\/ledco.sk\/cs\/linearni-osvetlovaci-system-linealed\/\"},\"wordCount\":1327,\"commentCount\":0,\"publisher\":{\"@id\":\"https:\/\/ledco.sk\/cs\/#organization\"},\"image\":{\"@id\":\"https:\/\/ledco.sk\/cs\/linearni-osvetlovaci-system-linealed\/#primaryimage\"},\"thumbnailUrl\":\"https:\/\/ledco.sk\/wp-content\/uploads\/2015\/01\/linearny-profilovy-osvetlovacy-system-led-01.jpg\",\"keywords\":[\"Obchodn\u00ed prostor\",\"Pr\u016fmysl\"],\"articleSection\":[\"Uncategorized @cs\"],\"inLanguage\":\"cs\",\"potentialAction\":[{\"@type\":\"CommentAction\",\"name\":\"Comment\",\"target\":[\"https:\/\/ledco.sk\/cs\/linearni-osvetlovaci-system-linealed\/#respond\"]}]},{\"@type\":\"WebPage\",\"@id\":\"https:\/\/ledco.sk\/cs\/linearni-osvetlovaci-system-linealed\/\",\"url\":\"https:\/\/ledco.sk\/cs\/linearni-osvetlovaci-system-linealed\/\",\"name\":\"Line\u00e1rn\u00ed osv\u011btlovac\u00ed syst\u00e9m - LineaLED - Ledco\",\"isPartOf\":{\"@id\":\"https:\/\/ledco.sk\/cs\/#website\"},\"primaryImageOfPage\":{\"@id\":\"https:\/\/ledco.sk\/cs\/linearni-osvetlovaci-system-linealed\/#primaryimage\"},\"image\":{\"@id\":\"https:\/\/ledco.sk\/cs\/linearni-osvetlovaci-system-linealed\/#primaryimage\"},\"thumbnailUrl\":\"https:\/\/ledco.sk\/wp-content\/uploads\/2015\/01\/linearny-profilovy-osvetlovacy-system-led-01.jpg\",\"datePublished\":\"2021-07-12T09:48:29+00:00\",\"description\":\"Line\u00e1rn\u00ed LED sv\u00edtidlo od spole\u010dnosti Ledco s.r.o. je energeticky efektivn\u00ed n\u00e1hrada za line\u00e1rn\u00ed z\u00e1\u0159ivkov\u00e9 osv\u011btlovac\u00ed syst\u00e9my pro v\u0161estrann\u00e9 pou\u017eit\u00ed v pr\u016fmyslu \u010di komer\u010dn\u00edch a administrativn\u00edch prostor\u00e1ch. Je vhodn\u00fd jak \u00fasprnej\u0161ia alternativa za konven\u010dn\u00ed osv\u011btlovac\u00ed syst\u00e9my, jako\u017e i ide\u00e1ln\u00ed \u0159e\u0161en\u00ed pro nov\u00e9 sv\u011bteln\u00e9 instalace.\",\"breadcrumb\":{\"@id\":\"https:\/\/ledco.sk\/cs\/linearni-osvetlovaci-system-linealed\/#breadcrumb\"},\"inLanguage\":\"cs\",\"potentialAction\":[{\"@type\":\"ReadAction\",\"target\":[\"https:\/\/ledco.sk\/cs\/linearni-osvetlovaci-system-linealed\/\"]}]},{\"@type\":\"ImageObject\",\"inLanguage\":\"cs\",\"@id\":\"https:\/\/ledco.sk\/cs\/linearni-osvetlovaci-system-linealed\/#primaryimage\",\"url\":\"https:\/\/ledco.sk\/wp-content\/uploads\/2015\/01\/linearny-profilovy-osvetlovacy-system-led-01.jpg\",\"contentUrl\":\"https:\/\/ledco.sk\/wp-content\/uploads\/2015\/01\/linearny-profilovy-osvetlovacy-system-led-01.jpg\",\"width\":477,\"height\":433,\"caption\":\"LED liniov\u00e9 sv\u00edtidlo pro pr\u016fmyslov\u00e9 haly, obchodn\u00ed prostory a kancel\u00e1\u0159e. Modul\u00e1rn\u00ed profilov\u00fd syt\u00e9m osv\u011btlen\u00ed.\"},{\"@type\":\"BreadcrumbList\",\"@id\":\"https:\/\/ledco.sk\/cs\/linearni-osvetlovaci-system-linealed\/#breadcrumb\",\"itemListElement\":[{\"@type\":\"ListItem\",\"position\":1,\"name\":\"Home\",\"item\":\"https:\/\/ledco.sk\/cs\/\"},{\"@type\":\"ListItem\",\"position\":2,\"name\":\"Line\u00e1rn\u00ed osv\u011btlovac\u00ed syst\u00e9m &#8211; LineaLED\"}]},{\"@type\":\"WebSite\",\"@id\":\"https:\/\/ledco.sk\/cs\/#website\",\"url\":\"https:\/\/ledco.sk\/cs\/\",\"name\":\"Ledco\",\"description\":\"Predaj svietidiel, n\u00e1vrh, poradenstvo a realiz\u00e1cia osvetlenia\",\"publisher\":{\"@id\":\"https:\/\/ledco.sk\/cs\/#organization\"},\"potentialAction\":[{\"@type\":\"SearchAction\",\"target\":{\"@type\":\"EntryPoint\",\"urlTemplate\":\"https:\/\/ledco.sk\/cs\/?s={search_term_string}\"},\"query-input\":{\"@type\":\"PropertyValueSpecification\",\"valueRequired\":true,\"valueName\":\"search_term_string\"}}],\"inLanguage\":\"cs\"},{\"@type\":\"Organization\",\"@id\":\"https:\/\/ledco.sk\/cs\/#organization\",\"name\":\"LEDCO s.r.o.\",\"url\":\"https:\/\/ledco.sk\/cs\/\",\"logo\":{\"@type\":\"ImageObject\",\"inLanguage\":\"cs\",\"@id\":\"https:\/\/ledco.sk\/cs\/#\/schema\/logo\/image\/\",\"url\":\"https:\/\/ledco.sk\/wp-content\/uploads\/2020\/03\/Logo_LEDCO.jpg\",\"contentUrl\":\"https:\/\/ledco.sk\/wp-content\/uploads\/2020\/03\/Logo_LEDCO.jpg\",\"width\":230,\"height\":73,\"caption\":\"LEDCO s.r.o.\"},\"image\":{\"@id\":\"https:\/\/ledco.sk\/cs\/#\/schema\/logo\/image\/\"},\"sameAs\":[\"https:\/\/www.facebook.com\/pages\/LEDCO-sro\/172577579457232?fref=ts\",\"https:\/\/x.com\/ledcolighting\",\"https:\/\/www.instagram.com\/ledco_lighting\/\",\"https:\/\/pinterest.com\/ledcolighting\/\",\"https:\/\/www.youtube.com\/user\/ledcoled\"]},{\"@type\":\"Person\",\"@id\":\"https:\/\/ledco.sk\/cs\/#\/schema\/person\/36e68047869b228046b848f8de5f76ea\",\"name\":\"Peter\",\"image\":{\"@type\":\"ImageObject\",\"inLanguage\":\"cs\",\"@id\":\"https:\/\/ledco.sk\/cs\/#\/schema\/person\/image\/\",\"url\":\"https:\/\/secure.gravatar.com\/avatar\/0fe6e5e56120d0055da448af26510c17cf88a66d934ceec1ac0e963978a15efe?s=96&d=mm&r=g\",\"contentUrl\":\"https:\/\/secure.gravatar.com\/avatar\/0fe6e5e56120d0055da448af26510c17cf88a66d934ceec1ac0e963978a15efe?s=96&d=mm&r=g\",\"caption\":\"Peter\"}}]}<\/script>\n<!-- \/ Yoast SEO plugin. -->","yoast_head_json":{"title":"Line\u00e1rn\u00ed osv\u011btlovac\u00ed syst\u00e9m - LineaLED - Ledco","description":"Line\u00e1rn\u00ed LED sv\u00edtidlo od spole\u010dnosti Ledco s.r.o. je energeticky efektivn\u00ed n\u00e1hrada za line\u00e1rn\u00ed z\u00e1\u0159ivkov\u00e9 osv\u011btlovac\u00ed syst\u00e9my pro v\u0161estrann\u00e9 pou\u017eit\u00ed v pr\u016fmyslu \u010di komer\u010dn\u00edch a administrativn\u00edch prostor\u00e1ch. Je vhodn\u00fd jak \u00fasprnej\u0161ia alternativa za konven\u010dn\u00ed osv\u011btlovac\u00ed syst\u00e9my, jako\u017e i ide\u00e1ln\u00ed \u0159e\u0161en\u00ed pro nov\u00e9 sv\u011bteln\u00e9 instalace.","robots":{"index":"index","follow":"follow","max-snippet":"max-snippet:-1","max-image-preview":"max-image-preview:large","max-video-preview":"max-video-preview:-1"},"canonical":"https:\/\/ledco.sk\/cs\/linearni-osvetlovaci-system-linealed\/","og_locale":"cs_CZ","og_type":"article","og_title":"Line\u00e1rn\u00ed osv\u011btlovac\u00ed syst\u00e9m - LineaLED - Ledco","og_description":"Line\u00e1rn\u00ed LED sv\u00edtidlo od spole\u010dnosti Ledco s.r.o. je energeticky efektivn\u00ed n\u00e1hrada za line\u00e1rn\u00ed z\u00e1\u0159ivkov\u00e9 osv\u011btlovac\u00ed syst\u00e9my pro v\u0161estrann\u00e9 pou\u017eit\u00ed v pr\u016fmyslu \u010di komer\u010dn\u00edch a administrativn\u00edch prostor\u00e1ch. Je vhodn\u00fd jak \u00fasprnej\u0161ia alternativa za konven\u010dn\u00ed osv\u011btlovac\u00ed syst\u00e9my, jako\u017e i ide\u00e1ln\u00ed \u0159e\u0161en\u00ed pro nov\u00e9 sv\u011bteln\u00e9 instalace.","og_url":"https:\/\/ledco.sk\/cs\/linearni-osvetlovaci-system-linealed\/","og_site_name":"Ledco","article_publisher":"https:\/\/www.facebook.com\/pages\/LEDCO-sro\/172577579457232?fref=ts","article_published_time":"2021-07-12T09:48:29+00:00","og_image":[{"width":477,"height":433,"url":"https:\/\/ledco.sk\/wp-content\/uploads\/2015\/01\/linearny-profilovy-osvetlovacy-system-led-01.jpg","type":"image\/jpeg"}],"author":"Peter","twitter_card":"summary_large_image","twitter_creator":"@ledcolighting","twitter_site":"@ledcolighting","twitter_misc":{"Napsal(a)":"Peter","Odhadovan\u00e1 doba \u010dten\u00ed":"7 minut"},"schema":{"@context":"https:\/\/schema.org","@graph":[{"@type":"Article","@id":"https:\/\/ledco.sk\/cs\/linearni-osvetlovaci-system-linealed\/#article","isPartOf":{"@id":"https:\/\/ledco.sk\/cs\/linearni-osvetlovaci-system-linealed\/"},"author":{"name":"Peter","@id":"https:\/\/ledco.sk\/cs\/#\/schema\/person\/36e68047869b228046b848f8de5f76ea"},"headline":"Line\u00e1rn\u00ed osv\u011btlovac\u00ed syst\u00e9m &#8211; LineaLED","datePublished":"2021-07-12T09:48:29+00:00","mainEntityOfPage":{"@id":"https:\/\/ledco.sk\/cs\/linearni-osvetlovaci-system-linealed\/"},"wordCount":1327,"commentCount":0,"publisher":{"@id":"https:\/\/ledco.sk\/cs\/#organization"},"image":{"@id":"https:\/\/ledco.sk\/cs\/linearni-osvetlovaci-system-linealed\/#primaryimage"},"thumbnailUrl":"https:\/\/ledco.sk\/wp-content\/uploads\/2015\/01\/linearny-profilovy-osvetlovacy-system-led-01.jpg","keywords":["Obchodn\u00ed prostor","Pr\u016fmysl"],"articleSection":["Uncategorized @cs"],"inLanguage":"cs","potentialAction":[{"@type":"CommentAction","name":"Comment","target":["https:\/\/ledco.sk\/cs\/linearni-osvetlovaci-system-linealed\/#respond"]}]},{"@type":"WebPage","@id":"https:\/\/ledco.sk\/cs\/linearni-osvetlovaci-system-linealed\/","url":"https:\/\/ledco.sk\/cs\/linearni-osvetlovaci-system-linealed\/","name":"Line\u00e1rn\u00ed osv\u011btlovac\u00ed syst\u00e9m - LineaLED - Ledco","isPartOf":{"@id":"https:\/\/ledco.sk\/cs\/#website"},"primaryImageOfPage":{"@id":"https:\/\/ledco.sk\/cs\/linearni-osvetlovaci-system-linealed\/#primaryimage"},"image":{"@id":"https:\/\/ledco.sk\/cs\/linearni-osvetlovaci-system-linealed\/#primaryimage"},"thumbnailUrl":"https:\/\/ledco.sk\/wp-content\/uploads\/2015\/01\/linearny-profilovy-osvetlovacy-system-led-01.jpg","datePublished":"2021-07-12T09:48:29+00:00","description":"Line\u00e1rn\u00ed LED sv\u00edtidlo od spole\u010dnosti Ledco s.r.o. je energeticky efektivn\u00ed n\u00e1hrada za line\u00e1rn\u00ed z\u00e1\u0159ivkov\u00e9 osv\u011btlovac\u00ed syst\u00e9my pro v\u0161estrann\u00e9 pou\u017eit\u00ed v pr\u016fmyslu \u010di komer\u010dn\u00edch a administrativn\u00edch prostor\u00e1ch. Je vhodn\u00fd jak \u00fasprnej\u0161ia alternativa za konven\u010dn\u00ed osv\u011btlovac\u00ed syst\u00e9my, jako\u017e i ide\u00e1ln\u00ed \u0159e\u0161en\u00ed pro nov\u00e9 sv\u011bteln\u00e9 instalace.","breadcrumb":{"@id":"https:\/\/ledco.sk\/cs\/linearni-osvetlovaci-system-linealed\/#breadcrumb"},"inLanguage":"cs","potentialAction":[{"@type":"ReadAction","target":["https:\/\/ledco.sk\/cs\/linearni-osvetlovaci-system-linealed\/"]}]},{"@type":"ImageObject","inLanguage":"cs","@id":"https:\/\/ledco.sk\/cs\/linearni-osvetlovaci-system-linealed\/#primaryimage","url":"https:\/\/ledco.sk\/wp-content\/uploads\/2015\/01\/linearny-profilovy-osvetlovacy-system-led-01.jpg","contentUrl":"https:\/\/ledco.sk\/wp-content\/uploads\/2015\/01\/linearny-profilovy-osvetlovacy-system-led-01.jpg","width":477,"height":433,"caption":"LED liniov\u00e9 sv\u00edtidlo pro pr\u016fmyslov\u00e9 haly, obchodn\u00ed prostory a kancel\u00e1\u0159e. Modul\u00e1rn\u00ed profilov\u00fd syt\u00e9m osv\u011btlen\u00ed."},{"@type":"BreadcrumbList","@id":"https:\/\/ledco.sk\/cs\/linearni-osvetlovaci-system-linealed\/#breadcrumb","itemListElement":[{"@type":"ListItem","position":1,"name":"Home","item":"https:\/\/ledco.sk\/cs\/"},{"@type":"ListItem","position":2,"name":"Line\u00e1rn\u00ed osv\u011btlovac\u00ed syst\u00e9m &#8211; LineaLED"}]},{"@type":"WebSite","@id":"https:\/\/ledco.sk\/cs\/#website","url":"https:\/\/ledco.sk\/cs\/","name":"Ledco","description":"Predaj svietidiel, n\u00e1vrh, poradenstvo a realiz\u00e1cia osvetlenia","publisher":{"@id":"https:\/\/ledco.sk\/cs\/#organization"},"potentialAction":[{"@type":"SearchAction","target":{"@type":"EntryPoint","urlTemplate":"https:\/\/ledco.sk\/cs\/?s={search_term_string}"},"query-input":{"@type":"PropertyValueSpecification","valueRequired":true,"valueName":"search_term_string"}}],"inLanguage":"cs"},{"@type":"Organization","@id":"https:\/\/ledco.sk\/cs\/#organization","name":"LEDCO s.r.o.","url":"https:\/\/ledco.sk\/cs\/","logo":{"@type":"ImageObject","inLanguage":"cs","@id":"https:\/\/ledco.sk\/cs\/#\/schema\/logo\/image\/","url":"https:\/\/ledco.sk\/wp-content\/uploads\/2020\/03\/Logo_LEDCO.jpg","contentUrl":"https:\/\/ledco.sk\/wp-content\/uploads\/2020\/03\/Logo_LEDCO.jpg","width":230,"height":73,"caption":"LEDCO s.r.o."},"image":{"@id":"https:\/\/ledco.sk\/cs\/#\/schema\/logo\/image\/"},"sameAs":["https:\/\/www.facebook.com\/pages\/LEDCO-sro\/172577579457232?fref=ts","https:\/\/x.com\/ledcolighting","https:\/\/www.instagram.com\/ledco_lighting\/","https:\/\/pinterest.com\/ledcolighting\/","https:\/\/www.youtube.com\/user\/ledcoled"]},{"@type":"Person","@id":"https:\/\/ledco.sk\/cs\/#\/schema\/person\/36e68047869b228046b848f8de5f76ea","name":"Peter","image":{"@type":"ImageObject","inLanguage":"cs","@id":"https:\/\/ledco.sk\/cs\/#\/schema\/person\/image\/","url":"https:\/\/secure.gravatar.com\/avatar\/0fe6e5e56120d0055da448af26510c17cf88a66d934ceec1ac0e963978a15efe?s=96&d=mm&r=g","contentUrl":"https:\/\/secure.gravatar.com\/avatar\/0fe6e5e56120d0055da448af26510c17cf88a66d934ceec1ac0e963978a15efe?s=96&d=mm&r=g","caption":"Peter"}}]}},"_links":{"self":[{"href":"https:\/\/ledco.sk\/cs\/wp-json\/wp\/v2\/posts\/107013","targetHints":{"allow":["GET"]}}],"collection":[{"href":"https:\/\/ledco.sk\/cs\/wp-json\/wp\/v2\/posts"}],"about":[{"href":"https:\/\/ledco.sk\/cs\/wp-json\/wp\/v2\/types\/post"}],"author":[{"embeddable":true,"href":"https:\/\/ledco.sk\/cs\/wp-json\/wp\/v2\/users\/1"}],"replies":[{"embeddable":true,"href":"https:\/\/ledco.sk\/cs\/wp-json\/wp\/v2\/comments?post=107013"}],"version-history":[{"count":0,"href":"https:\/\/ledco.sk\/cs\/wp-json\/wp\/v2\/posts\/107013\/revisions"}],"wp:featuredmedia":[{"embeddable":true,"href":"https:\/\/ledco.sk\/cs\/wp-json\/wp\/v2\/media\/93523"}],"wp:attachment":[{"href":"https:\/\/ledco.sk\/cs\/wp-json\/wp\/v2\/media?parent=107013"}],"wp:term":[{"taxonomy":"category","embeddable":true,"href":"https:\/\/ledco.sk\/cs\/wp-json\/wp\/v2\/categories?post=107013"},{"taxonomy":"post_tag","embeddable":true,"href":"https:\/\/ledco.sk\/cs\/wp-json\/wp\/v2\/tags?post=107013"}],"curies":[{"name":"wp","href":"https:\/\/api.w.org\/{rel}","templated":true}]}}