{"id":107016,"date":"2021-07-12T12:03:22","date_gmt":"2021-07-12T10:03:22","guid":{"rendered":"https:\/\/ledco.sk\/drevene-svitidla-na-vystave-v-nitre\/"},"modified":"2021-07-12T12:03:22","modified_gmt":"2021-07-12T10:03:22","slug":"drevene-svitidla-na-vystave-v-nitre","status":"publish","type":"post","link":"https:\/\/ledco.sk\/cs\/drevene-svitidla-na-vystave-v-nitre\/","title":{"rendered":"D\u0159ev\u011bn\u00e9 sv\u00edtidla na v\u00fdstav\u011b v Nitre"},"content":{"rendered":"<p>\u010ctvrt\u00fd ro\u010dn\u00edk veletrhu N\u00e1bytek a Bydlen\u00ed se nesl v duchu nad\u010dasov\u00e9ho designu a architektury. Na\u0161e spole\u010dnost si p\u0159ipravila pro tuto v\u00fdstavu skvostnou novinku v podob\u011b d\u0159ev\u011bn\u00fdch sv\u00edtidel rady woodLED. Z\u00e1kladem p\u0159edstaven\u00e9 sestavy byly stropn\u00ed sv\u00edtidla woodLED SQUARE ve t\u0159ech velikostech. (600&#215;600, 900&#215;900, 1200&#215;1200) D\u0159ev\u011bn\u00e9 sv\u00edtidla pou\u017e\u00edvaj\u00ed jako sv\u011bteln\u00fd zdroj LED technologii s \u00fa\u010dinnost\u00ed a\u017e 140lm \/ W. Sv\u00edtidla nab\u00edzej\u00ed plnou kompatibilitu pro \u0159\u00edzen\u00ed intenzity sv\u011bteln\u00e9ho v\u00fdkonu s podporou sign\u00e1lu 1-10V, DALI, DMX, RF a WiFi. Samoz\u0159ejmost\u00ed je v\u00fdb\u011br r\u016fzn\u00fdch d\u0159ev\u011bn\u00fdch d\u00fdh, p\u0159\u00edpadn\u011b jin\u00fdch barevn\u00fdch odst\u00edn\u016f nan\u00e1\u0161en\u00e9 lakov\u00e1n\u00edm.<br \/>\nDal\u0161\u00ed novinkou v \u0159ad\u011b woodLED byly p\u0159isazen\u00e1 bodov\u00e1 sv\u00edtidla woodLED CUBE3 kter\u00e9 nab\u00edzej\u00ed variabiln\u00ed nat\u00e1\u010den\u00ed sv\u011bteln\u00fdch paprsk\u016f a t\u00edm mo\u017enost akcentovat r\u016fzn\u00e9 \u010d\u00e1sti osv\u011btlov\u00e1n\u00ed prostoru. Uveden\u00e9 sv\u00edtidla dopl\u0148uje rodina zapu\u0161t\u011bn\u00fdch bezr\u00e1mikov\u00fdch LED sv\u00edtidel, kde hlavn\u00edm rysem je \u010distota proveden\u00ed.<br \/>\nZ liniov\u00fdch osv\u011btlen\u00ed jsme p\u0159edstavili ultra tenk\u00fd ALU profil zafr\u00e9zov\u00e1n do s\u00e1drokartonu bez jak\u00e9hokoliv p\u0159ekryt\u00ed. Je to mo\u017en\u00e9 d\u00edky vyu\u017eit\u00ed technologie Easyboard od spole\u010dnosti Drycon.<br \/>\nNa expozici se pod\u00edlela i presti\u017en\u00ed zna\u010dka Deltalight, kter\u00e1 n\u00e1m nab\u00eddla r\u016fzn\u00e9 typy sv\u00edtidel, jako nap\u0159\u00edklad ji\u017e v\u00edcekr\u00e1t ocen\u011bn\u00e9 sv\u00edtidla Forty, Vision a Tweeter.<br \/>\nLEDCO s.r.o.<br \/>\nSv\u00edtidla si m\u016f\u017eete objednat na Koupit sv\u00edtidla WoodLED<br \/>\n<strong>3D modely ke sta\u017een\u00ed<\/strong> najdete p\u0159\u00edmo ke ka\u017ed\u00e9mu produktu na str\u00e1nce http:\/\/trilum.eu\/produkty\/<\/p>\n","protected":false},"excerpt":{"rendered":"<p>\u010ctvrt\u00fd ro\u010dn\u00edk veletrhu N\u00e1bytek a Bydlen\u00ed se nesl v duchu nad\u010dasov\u00e9ho designu a architektury. Na\u0161e spole\u010dnost si p\u0159ipravila pro tuto v\u00fdstavu skvostnou novinku v podob\u011b d\u0159ev\u011bn\u00fdch sv\u00edtidel rady woodLED. Z\u00e1kladem p\u0159edstaven\u00e9 sestavy byly stropn\u00ed sv\u00edtidla woodLED SQUARE ve t\u0159ech velikostech. (600&#215;600, 900&#215;900, 1200&#215;1200) D\u0159ev\u011bn\u00e9 sv\u00edtidla pou\u017e\u00edvaj\u00ed jako sv\u011bteln\u00fd zdroj LED technologii s \u00fa\u010dinnost\u00ed a\u017e 140lm [&hellip;]<\/p>\n","protected":false},"author":1,"featured_media":93653,"comment_status":"open","ping_status":"open","sticky":false,"template":"page_container.php","format":"standard","meta":{"_acf_changed":false,"footnotes":""},"categories":[8],"tags":[],"class_list":["post-107016","post","type-post","status-publish","format-standard","has-post-thumbnail","hentry","category-uncategorized-cs"],"acf":[],"yoast_head":"<!-- This site is optimized with the Yoast SEO plugin v25.0 - https:\/\/yoast.com\/wordpress\/plugins\/seo\/ -->\n<title>D\u0159ev\u011bn\u00e9 sv\u00edtidla na v\u00fdstav\u011b v Nitre| LEDCO<\/title>\n<meta name=\"description\" content=\"D\u0159ev\u011bn\u00e9 sv\u00edtidla na v\u00fdstav\u011b v Nit\u0159e. Veletrh N\u00e1bytek a Bydlen\u00ed se nesl v duchu nad\u010dasov\u00e9ho designu a architektury. P\u0159edstavili jsme novinku v podob\u011b d\u0159ev\u011bn\u00fdch sv\u00edtidel z \u0159ady woodLED. Stropn\u00ed sv\u00edtidla woodLED SQUARE a ROUND z\u00e1v\u011bsn\u00e9 a p\u0159isazen\u00e9.\" \/>\n<meta name=\"robots\" content=\"index, follow, max-snippet:-1, max-image-preview:large, max-video-preview:-1\" \/>\n<link rel=\"canonical\" href=\"https:\/\/ledco.sk\/cs\/drevene-svitidla-na-vystave-v-nitre\/\" \/>\n<meta property=\"og:locale\" content=\"cs_CZ\" \/>\n<meta property=\"og:type\" content=\"article\" \/>\n<meta property=\"og:title\" content=\"D\u0159ev\u011bn\u00e9 sv\u00edtidla na v\u00fdstav\u011b v Nitre| LEDCO\" \/>\n<meta property=\"og:description\" content=\"D\u0159ev\u011bn\u00e9 sv\u00edtidla na v\u00fdstav\u011b v Nit\u0159e. Veletrh N\u00e1bytek a Bydlen\u00ed se nesl v duchu nad\u010dasov\u00e9ho designu a architektury. P\u0159edstavili jsme novinku v podob\u011b d\u0159ev\u011bn\u00fdch sv\u00edtidel z \u0159ady woodLED. Stropn\u00ed sv\u00edtidla woodLED SQUARE a ROUND z\u00e1v\u011bsn\u00e9 a p\u0159isazen\u00e9.\" \/>\n<meta property=\"og:url\" content=\"https:\/\/ledco.sk\/cs\/drevene-svitidla-na-vystave-v-nitre\/\" \/>\n<meta property=\"og:site_name\" content=\"Ledco\" \/>\n<meta property=\"article:publisher\" content=\"https:\/\/www.facebook.com\/pages\/LEDCO-sro\/172577579457232?fref=ts\" \/>\n<meta property=\"article:published_time\" content=\"2021-07-12T10:03:22+00:00\" \/>\n<meta property=\"og:image\" content=\"https:\/\/ledco.sk\/wp-content\/uploads\/2015\/03\/NaB2015_woodLED-16.jpg\" \/>\n\t<meta property=\"og:image:width\" content=\"800\" \/>\n\t<meta property=\"og:image:height\" content=\"534\" \/>\n\t<meta property=\"og:image:type\" content=\"image\/jpeg\" \/>\n<meta name=\"author\" content=\"Peter\" \/>\n<meta name=\"twitter:card\" content=\"summary_large_image\" \/>\n<meta name=\"twitter:creator\" content=\"@ledcolighting\" \/>\n<meta name=\"twitter:site\" content=\"@ledcolighting\" \/>\n<meta name=\"twitter:label1\" content=\"Napsal(a)\" \/>\n\t<meta name=\"twitter:data1\" content=\"Peter\" \/>\n\t<meta name=\"twitter:label2\" content=\"Odhadovan\u00e1 doba \u010dten\u00ed\" \/>\n\t<meta name=\"twitter:data2\" content=\"1 minuta\" \/>\n<script type=\"application\/ld+json\" class=\"yoast-schema-graph\">{\"@context\":\"https:\/\/schema.org\",\"@graph\":[{\"@type\":\"Article\",\"@id\":\"https:\/\/ledco.sk\/cs\/drevene-svitidla-na-vystave-v-nitre\/#article\",\"isPartOf\":{\"@id\":\"https:\/\/ledco.sk\/cs\/drevene-svitidla-na-vystave-v-nitre\/\"},\"author\":{\"name\":\"Peter\",\"@id\":\"https:\/\/ledco.sk\/cs\/#\/schema\/person\/36e68047869b228046b848f8de5f76ea\"},\"headline\":\"D\u0159ev\u011bn\u00e9 sv\u00edtidla na v\u00fdstav\u011b v Nitre\",\"datePublished\":\"2021-07-12T10:03:22+00:00\",\"mainEntityOfPage\":{\"@id\":\"https:\/\/ledco.sk\/cs\/drevene-svitidla-na-vystave-v-nitre\/\"},\"wordCount\":308,\"commentCount\":0,\"publisher\":{\"@id\":\"https:\/\/ledco.sk\/cs\/#organization\"},\"image\":{\"@id\":\"https:\/\/ledco.sk\/cs\/drevene-svitidla-na-vystave-v-nitre\/#primaryimage\"},\"thumbnailUrl\":\"https:\/\/ledco.sk\/wp-content\/uploads\/2015\/03\/NaB2015_woodLED-16.jpg\",\"articleSection\":[\"Uncategorized @cs\"],\"inLanguage\":\"cs\",\"potentialAction\":[{\"@type\":\"CommentAction\",\"name\":\"Comment\",\"target\":[\"https:\/\/ledco.sk\/cs\/drevene-svitidla-na-vystave-v-nitre\/#respond\"]}]},{\"@type\":\"WebPage\",\"@id\":\"https:\/\/ledco.sk\/cs\/drevene-svitidla-na-vystave-v-nitre\/\",\"url\":\"https:\/\/ledco.sk\/cs\/drevene-svitidla-na-vystave-v-nitre\/\",\"name\":\"D\u0159ev\u011bn\u00e9 sv\u00edtidla na v\u00fdstav\u011b v Nitre| LEDCO\",\"isPartOf\":{\"@id\":\"https:\/\/ledco.sk\/cs\/#website\"},\"primaryImageOfPage\":{\"@id\":\"https:\/\/ledco.sk\/cs\/drevene-svitidla-na-vystave-v-nitre\/#primaryimage\"},\"image\":{\"@id\":\"https:\/\/ledco.sk\/cs\/drevene-svitidla-na-vystave-v-nitre\/#primaryimage\"},\"thumbnailUrl\":\"https:\/\/ledco.sk\/wp-content\/uploads\/2015\/03\/NaB2015_woodLED-16.jpg\",\"datePublished\":\"2021-07-12T10:03:22+00:00\",\"description\":\"D\u0159ev\u011bn\u00e9 sv\u00edtidla na v\u00fdstav\u011b v Nit\u0159e. Veletrh N\u00e1bytek a Bydlen\u00ed se nesl v duchu nad\u010dasov\u00e9ho designu a architektury. P\u0159edstavili jsme novinku v podob\u011b d\u0159ev\u011bn\u00fdch sv\u00edtidel z \u0159ady woodLED. Stropn\u00ed sv\u00edtidla woodLED SQUARE a ROUND z\u00e1v\u011bsn\u00e9 a p\u0159isazen\u00e9.\",\"breadcrumb\":{\"@id\":\"https:\/\/ledco.sk\/cs\/drevene-svitidla-na-vystave-v-nitre\/#breadcrumb\"},\"inLanguage\":\"cs\",\"potentialAction\":[{\"@type\":\"ReadAction\",\"target\":[\"https:\/\/ledco.sk\/cs\/drevene-svitidla-na-vystave-v-nitre\/\"]}]},{\"@type\":\"ImageObject\",\"inLanguage\":\"cs\",\"@id\":\"https:\/\/ledco.sk\/cs\/drevene-svitidla-na-vystave-v-nitre\/#primaryimage\",\"url\":\"https:\/\/ledco.sk\/wp-content\/uploads\/2015\/03\/NaB2015_woodLED-16.jpg\",\"contentUrl\":\"https:\/\/ledco.sk\/wp-content\/uploads\/2015\/03\/NaB2015_woodLED-16.jpg\",\"width\":800,\"height\":534},{\"@type\":\"BreadcrumbList\",\"@id\":\"https:\/\/ledco.sk\/cs\/drevene-svitidla-na-vystave-v-nitre\/#breadcrumb\",\"itemListElement\":[{\"@type\":\"ListItem\",\"position\":1,\"name\":\"Home\",\"item\":\"https:\/\/ledco.sk\/cs\/\"},{\"@type\":\"ListItem\",\"position\":2,\"name\":\"D\u0159ev\u011bn\u00e9 sv\u00edtidla na v\u00fdstav\u011b v Nitre\"}]},{\"@type\":\"WebSite\",\"@id\":\"https:\/\/ledco.sk\/cs\/#website\",\"url\":\"https:\/\/ledco.sk\/cs\/\",\"name\":\"Ledco\",\"description\":\"Predaj svietidiel, n\u00e1vrh, poradenstvo a realiz\u00e1cia osvetlenia\",\"publisher\":{\"@id\":\"https:\/\/ledco.sk\/cs\/#organization\"},\"potentialAction\":[{\"@type\":\"SearchAction\",\"target\":{\"@type\":\"EntryPoint\",\"urlTemplate\":\"https:\/\/ledco.sk\/cs\/?s={search_term_string}\"},\"query-input\":{\"@type\":\"PropertyValueSpecification\",\"valueRequired\":true,\"valueName\":\"search_term_string\"}}],\"inLanguage\":\"cs\"},{\"@type\":\"Organization\",\"@id\":\"https:\/\/ledco.sk\/cs\/#organization\",\"name\":\"LEDCO s.r.o.\",\"url\":\"https:\/\/ledco.sk\/cs\/\",\"logo\":{\"@type\":\"ImageObject\",\"inLanguage\":\"cs\",\"@id\":\"https:\/\/ledco.sk\/cs\/#\/schema\/logo\/image\/\",\"url\":\"https:\/\/ledco.sk\/wp-content\/uploads\/2020\/03\/Logo_LEDCO.jpg\",\"contentUrl\":\"https:\/\/ledco.sk\/wp-content\/uploads\/2020\/03\/Logo_LEDCO.jpg\",\"width\":230,\"height\":73,\"caption\":\"LEDCO s.r.o.\"},\"image\":{\"@id\":\"https:\/\/ledco.sk\/cs\/#\/schema\/logo\/image\/\"},\"sameAs\":[\"https:\/\/www.facebook.com\/pages\/LEDCO-sro\/172577579457232?fref=ts\",\"https:\/\/x.com\/ledcolighting\",\"https:\/\/www.instagram.com\/ledco_lighting\/\",\"https:\/\/pinterest.com\/ledcolighting\/\",\"https:\/\/www.youtube.com\/user\/ledcoled\"]},{\"@type\":\"Person\",\"@id\":\"https:\/\/ledco.sk\/cs\/#\/schema\/person\/36e68047869b228046b848f8de5f76ea\",\"name\":\"Peter\",\"image\":{\"@type\":\"ImageObject\",\"inLanguage\":\"cs\",\"@id\":\"https:\/\/ledco.sk\/cs\/#\/schema\/person\/image\/\",\"url\":\"https:\/\/secure.gravatar.com\/avatar\/0fe6e5e56120d0055da448af26510c17cf88a66d934ceec1ac0e963978a15efe?s=96&d=mm&r=g\",\"contentUrl\":\"https:\/\/secure.gravatar.com\/avatar\/0fe6e5e56120d0055da448af26510c17cf88a66d934ceec1ac0e963978a15efe?s=96&d=mm&r=g\",\"caption\":\"Peter\"}}]}<\/script>\n<!-- \/ Yoast SEO plugin. -->","yoast_head_json":{"title":"D\u0159ev\u011bn\u00e9 sv\u00edtidla na v\u00fdstav\u011b v Nitre| LEDCO","description":"D\u0159ev\u011bn\u00e9 sv\u00edtidla na v\u00fdstav\u011b v Nit\u0159e. Veletrh N\u00e1bytek a Bydlen\u00ed se nesl v duchu nad\u010dasov\u00e9ho designu a architektury. P\u0159edstavili jsme novinku v podob\u011b d\u0159ev\u011bn\u00fdch sv\u00edtidel z \u0159ady woodLED. Stropn\u00ed sv\u00edtidla woodLED SQUARE a ROUND z\u00e1v\u011bsn\u00e9 a p\u0159isazen\u00e9.","robots":{"index":"index","follow":"follow","max-snippet":"max-snippet:-1","max-image-preview":"max-image-preview:large","max-video-preview":"max-video-preview:-1"},"canonical":"https:\/\/ledco.sk\/cs\/drevene-svitidla-na-vystave-v-nitre\/","og_locale":"cs_CZ","og_type":"article","og_title":"D\u0159ev\u011bn\u00e9 sv\u00edtidla na v\u00fdstav\u011b v Nitre| LEDCO","og_description":"D\u0159ev\u011bn\u00e9 sv\u00edtidla na v\u00fdstav\u011b v Nit\u0159e. Veletrh N\u00e1bytek a Bydlen\u00ed se nesl v duchu nad\u010dasov\u00e9ho designu a architektury. P\u0159edstavili jsme novinku v podob\u011b d\u0159ev\u011bn\u00fdch sv\u00edtidel z \u0159ady woodLED. Stropn\u00ed sv\u00edtidla woodLED SQUARE a ROUND z\u00e1v\u011bsn\u00e9 a p\u0159isazen\u00e9.","og_url":"https:\/\/ledco.sk\/cs\/drevene-svitidla-na-vystave-v-nitre\/","og_site_name":"Ledco","article_publisher":"https:\/\/www.facebook.com\/pages\/LEDCO-sro\/172577579457232?fref=ts","article_published_time":"2021-07-12T10:03:22+00:00","og_image":[{"width":800,"height":534,"url":"https:\/\/ledco.sk\/wp-content\/uploads\/2015\/03\/NaB2015_woodLED-16.jpg","type":"image\/jpeg"}],"author":"Peter","twitter_card":"summary_large_image","twitter_creator":"@ledcolighting","twitter_site":"@ledcolighting","twitter_misc":{"Napsal(a)":"Peter","Odhadovan\u00e1 doba \u010dten\u00ed":"1 minuta"},"schema":{"@context":"https:\/\/schema.org","@graph":[{"@type":"Article","@id":"https:\/\/ledco.sk\/cs\/drevene-svitidla-na-vystave-v-nitre\/#article","isPartOf":{"@id":"https:\/\/ledco.sk\/cs\/drevene-svitidla-na-vystave-v-nitre\/"},"author":{"name":"Peter","@id":"https:\/\/ledco.sk\/cs\/#\/schema\/person\/36e68047869b228046b848f8de5f76ea"},"headline":"D\u0159ev\u011bn\u00e9 sv\u00edtidla na v\u00fdstav\u011b v Nitre","datePublished":"2021-07-12T10:03:22+00:00","mainEntityOfPage":{"@id":"https:\/\/ledco.sk\/cs\/drevene-svitidla-na-vystave-v-nitre\/"},"wordCount":308,"commentCount":0,"publisher":{"@id":"https:\/\/ledco.sk\/cs\/#organization"},"image":{"@id":"https:\/\/ledco.sk\/cs\/drevene-svitidla-na-vystave-v-nitre\/#primaryimage"},"thumbnailUrl":"https:\/\/ledco.sk\/wp-content\/uploads\/2015\/03\/NaB2015_woodLED-16.jpg","articleSection":["Uncategorized @cs"],"inLanguage":"cs","potentialAction":[{"@type":"CommentAction","name":"Comment","target":["https:\/\/ledco.sk\/cs\/drevene-svitidla-na-vystave-v-nitre\/#respond"]}]},{"@type":"WebPage","@id":"https:\/\/ledco.sk\/cs\/drevene-svitidla-na-vystave-v-nitre\/","url":"https:\/\/ledco.sk\/cs\/drevene-svitidla-na-vystave-v-nitre\/","name":"D\u0159ev\u011bn\u00e9 sv\u00edtidla na v\u00fdstav\u011b v Nitre| LEDCO","isPartOf":{"@id":"https:\/\/ledco.sk\/cs\/#website"},"primaryImageOfPage":{"@id":"https:\/\/ledco.sk\/cs\/drevene-svitidla-na-vystave-v-nitre\/#primaryimage"},"image":{"@id":"https:\/\/ledco.sk\/cs\/drevene-svitidla-na-vystave-v-nitre\/#primaryimage"},"thumbnailUrl":"https:\/\/ledco.sk\/wp-content\/uploads\/2015\/03\/NaB2015_woodLED-16.jpg","datePublished":"2021-07-12T10:03:22+00:00","description":"D\u0159ev\u011bn\u00e9 sv\u00edtidla na v\u00fdstav\u011b v Nit\u0159e. Veletrh N\u00e1bytek a Bydlen\u00ed se nesl v duchu nad\u010dasov\u00e9ho designu a architektury. P\u0159edstavili jsme novinku v podob\u011b d\u0159ev\u011bn\u00fdch sv\u00edtidel z \u0159ady woodLED. Stropn\u00ed sv\u00edtidla woodLED SQUARE a ROUND z\u00e1v\u011bsn\u00e9 a p\u0159isazen\u00e9.","breadcrumb":{"@id":"https:\/\/ledco.sk\/cs\/drevene-svitidla-na-vystave-v-nitre\/#breadcrumb"},"inLanguage":"cs","potentialAction":[{"@type":"ReadAction","target":["https:\/\/ledco.sk\/cs\/drevene-svitidla-na-vystave-v-nitre\/"]}]},{"@type":"ImageObject","inLanguage":"cs","@id":"https:\/\/ledco.sk\/cs\/drevene-svitidla-na-vystave-v-nitre\/#primaryimage","url":"https:\/\/ledco.sk\/wp-content\/uploads\/2015\/03\/NaB2015_woodLED-16.jpg","contentUrl":"https:\/\/ledco.sk\/wp-content\/uploads\/2015\/03\/NaB2015_woodLED-16.jpg","width":800,"height":534},{"@type":"BreadcrumbList","@id":"https:\/\/ledco.sk\/cs\/drevene-svitidla-na-vystave-v-nitre\/#breadcrumb","itemListElement":[{"@type":"ListItem","position":1,"name":"Home","item":"https:\/\/ledco.sk\/cs\/"},{"@type":"ListItem","position":2,"name":"D\u0159ev\u011bn\u00e9 sv\u00edtidla na v\u00fdstav\u011b v Nitre"}]},{"@type":"WebSite","@id":"https:\/\/ledco.sk\/cs\/#website","url":"https:\/\/ledco.sk\/cs\/","name":"Ledco","description":"Predaj svietidiel, n\u00e1vrh, poradenstvo a realiz\u00e1cia osvetlenia","publisher":{"@id":"https:\/\/ledco.sk\/cs\/#organization"},"potentialAction":[{"@type":"SearchAction","target":{"@type":"EntryPoint","urlTemplate":"https:\/\/ledco.sk\/cs\/?s={search_term_string}"},"query-input":{"@type":"PropertyValueSpecification","valueRequired":true,"valueName":"search_term_string"}}],"inLanguage":"cs"},{"@type":"Organization","@id":"https:\/\/ledco.sk\/cs\/#organization","name":"LEDCO s.r.o.","url":"https:\/\/ledco.sk\/cs\/","logo":{"@type":"ImageObject","inLanguage":"cs","@id":"https:\/\/ledco.sk\/cs\/#\/schema\/logo\/image\/","url":"https:\/\/ledco.sk\/wp-content\/uploads\/2020\/03\/Logo_LEDCO.jpg","contentUrl":"https:\/\/ledco.sk\/wp-content\/uploads\/2020\/03\/Logo_LEDCO.jpg","width":230,"height":73,"caption":"LEDCO s.r.o."},"image":{"@id":"https:\/\/ledco.sk\/cs\/#\/schema\/logo\/image\/"},"sameAs":["https:\/\/www.facebook.com\/pages\/LEDCO-sro\/172577579457232?fref=ts","https:\/\/x.com\/ledcolighting","https:\/\/www.instagram.com\/ledco_lighting\/","https:\/\/pinterest.com\/ledcolighting\/","https:\/\/www.youtube.com\/user\/ledcoled"]},{"@type":"Person","@id":"https:\/\/ledco.sk\/cs\/#\/schema\/person\/36e68047869b228046b848f8de5f76ea","name":"Peter","image":{"@type":"ImageObject","inLanguage":"cs","@id":"https:\/\/ledco.sk\/cs\/#\/schema\/person\/image\/","url":"https:\/\/secure.gravatar.com\/avatar\/0fe6e5e56120d0055da448af26510c17cf88a66d934ceec1ac0e963978a15efe?s=96&d=mm&r=g","contentUrl":"https:\/\/secure.gravatar.com\/avatar\/0fe6e5e56120d0055da448af26510c17cf88a66d934ceec1ac0e963978a15efe?s=96&d=mm&r=g","caption":"Peter"}}]}},"_links":{"self":[{"href":"https:\/\/ledco.sk\/cs\/wp-json\/wp\/v2\/posts\/107016","targetHints":{"allow":["GET"]}}],"collection":[{"href":"https:\/\/ledco.sk\/cs\/wp-json\/wp\/v2\/posts"}],"about":[{"href":"https:\/\/ledco.sk\/cs\/wp-json\/wp\/v2\/types\/post"}],"author":[{"embeddable":true,"href":"https:\/\/ledco.sk\/cs\/wp-json\/wp\/v2\/users\/1"}],"replies":[{"embeddable":true,"href":"https:\/\/ledco.sk\/cs\/wp-json\/wp\/v2\/comments?post=107016"}],"version-history":[{"count":0,"href":"https:\/\/ledco.sk\/cs\/wp-json\/wp\/v2\/posts\/107016\/revisions"}],"wp:featuredmedia":[{"embeddable":true,"href":"https:\/\/ledco.sk\/cs\/wp-json\/wp\/v2\/media\/93653"}],"wp:attachment":[{"href":"https:\/\/ledco.sk\/cs\/wp-json\/wp\/v2\/media?parent=107016"}],"wp:term":[{"taxonomy":"category","embeddable":true,"href":"https:\/\/ledco.sk\/cs\/wp-json\/wp\/v2\/categories?post=107016"},{"taxonomy":"post_tag","embeddable":true,"href":"https:\/\/ledco.sk\/cs\/wp-json\/wp\/v2\/tags?post=107016"}],"curies":[{"name":"wp","href":"https:\/\/api.w.org\/{rel}","templated":true}]}}