{"id":107022,"date":"2021-07-12T12:21:13","date_gmt":"2021-07-12T10:21:13","guid":{"rendered":"https:\/\/ledco.sk\/top-hotelnictvi-2012-svetlo-jako-ctvrta-dimenze\/"},"modified":"2021-07-12T12:21:13","modified_gmt":"2021-07-12T10:21:13","slug":"top-hotelnictvi-2012-svetlo-jako-ctvrta-dimenze","status":"publish","type":"post","link":"https:\/\/ledco.sk\/cs\/top-hotelnictvi-2012-svetlo-jako-ctvrta-dimenze\/","title":{"rendered":"Top hotelnictv\u00ed 2012 &#8211; Sv\u011btlo jako \u010dtvrt\u00e1 dimenze"},"content":{"rendered":"<p>V publikaci &#8222;Top hotelnictv\u00ed&#8220; z roku 2012 n\u00e1\u0161 kolega napsal p\u00e1r slov k vn\u00edm\u00e1n\u00ed osv\u011btlen\u00ed a jeho roli v dom\u00e1cnostech.<br \/>\n&#8222;V uplynul\u00fdch letech p\u0159evl\u00e1dal technokratick\u00fd p\u0159\u00edstup k napln\u011bn\u00ed po\u017eadavk\u016f norem v r\u00e1mci hesla:&#8220; Co je \u00fa\u010deln\u00e9, to je dobr\u00e9 &#8222;. Estetika a jak\u00e1koliv hravost byly p\u0159i \u0159e\u0161en\u00ed technick\u00fdch probl\u00e9m\u016f potla\u010den\u00e9 a vl\u00e1dla \u00fa\u010delnost. Sv\u011bteln\u00fd design, kter\u00fd by mohl podpo\u0159it r\u016fzn\u00e9 architektonick\u00e9 d\u00edla na\u0161ich m\u00edst, byl degradov\u00e1n na sv\u011btlomet na sloupu ve\u0159ejn\u00e9ho osv\u011btlen\u00ed. P\u0159i t\u00e9to \u00favaze se dost\u00e1v\u00e1me k ot\u00e1zce rozd\u00edlu technicky vyhovuj\u00edc\u00edch osv\u011btlen\u00ed a kreativn\u00edho osv\u011btlen\u00ed. je to jako rozd\u00edl mezi obrazem od Picassa a technick\u00fdm v\u00fdkres\u016fm. Sv\u011btlo m\u00e1 z\u00e1sadn\u00ed vliv na interpretaci prostoru, orientaci a vn\u00edm\u00e1n\u00ed jednotliv\u00fdch z\u00f3n o objekt\u016f. je d\u016fle\u017eit\u00e9 nastavit pomoc\u00ed c\u00edlen\u00e9ho \u0159\u00edzen\u00ed a sm\u011brov\u00e1n\u00ed sv\u011btla vhodn\u00e9 hladiny osv\u011btlen\u00ed pro jednotliv\u00e9 \u010d\u00e1sti prostoru, a t\u00edm vytvo\u0159it kontrast a hierarchii. Navrhovat mus\u00ed s ohledem na maxim\u00e1ln\u00ed vizu\u00e1ln\u00ed komfort bez negativn\u00edch vliv\u016f, jak\u00fdm je osln\u011bn\u00ed. Dos\u00e1hnete to vhodn\u00fdm v\u00fdb\u011brem sv\u00edtidel a jejich rozm\u00edst\u011bn\u00ed.<\/p>\n<p style=\"text-align: right;\">Ing. Marek Palen\u010d\u00e1r (LEDCO s.r.o.)<\/p>\n<p style=\"text-align: left;\">Zde si m\u016f\u017eete pre\u010d\u00edst cel\u00fd \u010dl\u00e1nek \u00a0 <a title=\"Top hoteli\u00e9rstvo 2012 \u2013 Svetlo ako \u0161tvrt\u00e1 dimenzia\" href=\"https:\/\/ledco.sk\/wp-content\/uploads\/2014\/11\/clanok-top-hotelierstvo-2012-svetlo-ako-stvrta-dimenzia-ledco.pdf\" target=\"_blank\" rel=\"noopener noreferrer\">Top hoteli\u00e9rstvo 2012 \u2013 Svetlo ako \u0161tvrt\u00e1 dimenzia<\/a><\/p>\n<figure id=\"attachment_92295\" aria-describedby=\"caption-attachment-92295\" style=\"width: 750px\" class=\"wp-caption aligncenter\"><a href=\"https:\/\/ledco.sk\/wp-content\/uploads\/2014\/08\/led-osvetlenie-bazenu-wellness-a-sauny-02.jpg\"><img fetchpriority=\"high\" decoding=\"async\" class=\"wp-image-92295\" src=\"https:\/\/ledco.sk\/wp-content\/uploads\/2014\/08\/led-osvetlenie-bazenu-wellness-a-sauny-02.jpg\" alt=\"LED osv\u011btlen\u00ed ve wellness a saun\u011b.\" width=\"750\" height=\"501\" srcset=\"https:\/\/ledco.sk\/wp-content\/uploads\/2014\/08\/led-osvetlenie-bazenu-wellness-a-sauny-02.jpg 800w, https:\/\/ledco.sk\/wp-content\/uploads\/2014\/08\/led-osvetlenie-bazenu-wellness-a-sauny-02-300x200.jpg 300w, https:\/\/ledco.sk\/wp-content\/uploads\/2014\/08\/led-osvetlenie-bazenu-wellness-a-sauny-02-768x513.jpg 768w, https:\/\/ledco.sk\/wp-content\/uploads\/2014\/08\/led-osvetlenie-bazenu-wellness-a-sauny-02-600x401.jpg 600w, https:\/\/ledco.sk\/wp-content\/uploads\/2014\/08\/led-osvetlenie-bazenu-wellness-a-sauny-02-450x300.jpg 450w, https:\/\/ledco.sk\/wp-content\/uploads\/2014\/08\/led-osvetlenie-bazenu-wellness-a-sauny-02-524x350.jpg 524w\" sizes=\"(max-width: 750px) 100vw, 750px\" \/><\/a><figcaption id=\"caption-attachment-92295\" class=\"wp-caption-text\">LED osv\u011btlen\u00ed ve wellness a saun\u011b.<\/figcaption><\/figure>\n","protected":false},"excerpt":{"rendered":"<p>V publikaci &#8222;Top hotelnictv\u00ed&#8220; z roku 2012 n\u00e1\u0161 kolega napsal p\u00e1r slov k vn\u00edm\u00e1n\u00ed osv\u011btlen\u00ed a jeho roli v dom\u00e1cnostech. &#8222;V uplynul\u00fdch letech p\u0159evl\u00e1dal technokratick\u00fd p\u0159\u00edstup k napln\u011bn\u00ed po\u017eadavk\u016f norem v r\u00e1mci hesla:&#8220; Co je \u00fa\u010deln\u00e9, to je dobr\u00e9 &#8222;. Estetika a jak\u00e1koliv hravost byly p\u0159i \u0159e\u0161en\u00ed technick\u00fdch probl\u00e9m\u016f potla\u010den\u00e9 a vl\u00e1dla \u00fa\u010delnost. Sv\u011bteln\u00fd design, [&hellip;]<\/p>\n","protected":false},"author":1,"featured_media":92295,"comment_status":"open","ping_status":"open","sticky":false,"template":"page_container.php","format":"standard","meta":{"_acf_changed":false,"footnotes":""},"categories":[8],"tags":[135],"class_list":["post-107022","post","type-post","status-publish","format-standard","has-post-thumbnail","hentry","category-uncategorized-cs","tag-hotel-cs"],"acf":[],"yoast_head":"<!-- This site is optimized with the Yoast SEO plugin v25.0 - https:\/\/yoast.com\/wordpress\/plugins\/seo\/ -->\n<title>Top hotelnictv\u00ed 2012 - Sv\u011btlo jako \u010dtvrt\u00e1 dimenze - Ledco<\/title>\n<meta name=\"description\" content=\"Sv\u011bteln\u00fd design, kter\u00fd by mohl podpo\u0159it r\u016fzn\u00e9 architektonick\u00e9 d\u00edla na\u0161ich m\u011bst, byl degradov\u00e1n na sv\u011btlomet na sloupu ve\u0159ejn\u00e9ho osv\u011btlen\u00ed. P\u0159i t\u00e9to \u00favaze se dost\u00e1v\u00e1me k ot\u00e1zce rozd\u00edlu technicky vyhovuj\u00edc\u00edch osv\u011btlen\u00ed a kreativn\u00edho osv\u011btlen\u00ed.\" \/>\n<meta name=\"robots\" content=\"index, follow, max-snippet:-1, max-image-preview:large, max-video-preview:-1\" \/>\n<link rel=\"canonical\" href=\"https:\/\/ledco.sk\/cs\/top-hotelnictvi-2012-svetlo-jako-ctvrta-dimenze\/\" \/>\n<meta property=\"og:locale\" content=\"cs_CZ\" \/>\n<meta property=\"og:type\" content=\"article\" \/>\n<meta property=\"og:title\" content=\"Top hotelnictv\u00ed 2012 - Sv\u011btlo jako \u010dtvrt\u00e1 dimenze - Ledco\" \/>\n<meta property=\"og:description\" content=\"Sv\u011bteln\u00fd design, kter\u00fd by mohl podpo\u0159it r\u016fzn\u00e9 architektonick\u00e9 d\u00edla na\u0161ich m\u011bst, byl degradov\u00e1n na sv\u011btlomet na sloupu ve\u0159ejn\u00e9ho osv\u011btlen\u00ed. P\u0159i t\u00e9to \u00favaze se dost\u00e1v\u00e1me k ot\u00e1zce rozd\u00edlu technicky vyhovuj\u00edc\u00edch osv\u011btlen\u00ed a kreativn\u00edho osv\u011btlen\u00ed.\" \/>\n<meta property=\"og:url\" content=\"https:\/\/ledco.sk\/cs\/top-hotelnictvi-2012-svetlo-jako-ctvrta-dimenze\/\" \/>\n<meta property=\"og:site_name\" content=\"Ledco\" \/>\n<meta property=\"article:publisher\" content=\"https:\/\/www.facebook.com\/pages\/LEDCO-sro\/172577579457232?fref=ts\" \/>\n<meta property=\"article:published_time\" content=\"2021-07-12T10:21:13+00:00\" \/>\n<meta property=\"og:image\" content=\"https:\/\/ledco.sk\/wp-content\/uploads\/2014\/08\/led-osvetlenie-bazenu-wellness-a-sauny-02.jpg\" \/>\n\t<meta property=\"og:image:width\" content=\"800\" \/>\n\t<meta property=\"og:image:height\" content=\"534\" \/>\n\t<meta property=\"og:image:type\" content=\"image\/jpeg\" \/>\n<meta name=\"author\" content=\"Peter\" \/>\n<meta name=\"twitter:card\" content=\"summary_large_image\" \/>\n<meta name=\"twitter:creator\" content=\"@ledcolighting\" \/>\n<meta name=\"twitter:site\" content=\"@ledcolighting\" \/>\n<meta name=\"twitter:label1\" content=\"Napsal(a)\" \/>\n\t<meta name=\"twitter:data1\" content=\"Peter\" \/>\n\t<meta name=\"twitter:label2\" content=\"Odhadovan\u00e1 doba \u010dten\u00ed\" \/>\n\t<meta name=\"twitter:data2\" content=\"1 minuta\" \/>\n<script type=\"application\/ld+json\" class=\"yoast-schema-graph\">{\"@context\":\"https:\/\/schema.org\",\"@graph\":[{\"@type\":\"Article\",\"@id\":\"https:\/\/ledco.sk\/cs\/top-hotelnictvi-2012-svetlo-jako-ctvrta-dimenze\/#article\",\"isPartOf\":{\"@id\":\"https:\/\/ledco.sk\/cs\/top-hotelnictvi-2012-svetlo-jako-ctvrta-dimenze\/\"},\"author\":{\"name\":\"Peter\",\"@id\":\"https:\/\/ledco.sk\/cs\/#\/schema\/person\/36e68047869b228046b848f8de5f76ea\"},\"headline\":\"Top hotelnictv\u00ed 2012 &#8211; Sv\u011btlo jako \u010dtvrt\u00e1 dimenze\",\"datePublished\":\"2021-07-12T10:21:13+00:00\",\"mainEntityOfPage\":{\"@id\":\"https:\/\/ledco.sk\/cs\/top-hotelnictvi-2012-svetlo-jako-ctvrta-dimenze\/\"},\"wordCount\":272,\"commentCount\":0,\"publisher\":{\"@id\":\"https:\/\/ledco.sk\/cs\/#organization\"},\"image\":{\"@id\":\"https:\/\/ledco.sk\/cs\/top-hotelnictvi-2012-svetlo-jako-ctvrta-dimenze\/#primaryimage\"},\"thumbnailUrl\":\"https:\/\/ledco.sk\/wp-content\/uploads\/2014\/08\/led-osvetlenie-bazenu-wellness-a-sauny-02.jpg\",\"keywords\":[\"Hotel\"],\"articleSection\":[\"Uncategorized @cs\"],\"inLanguage\":\"cs\",\"potentialAction\":[{\"@type\":\"CommentAction\",\"name\":\"Comment\",\"target\":[\"https:\/\/ledco.sk\/cs\/top-hotelnictvi-2012-svetlo-jako-ctvrta-dimenze\/#respond\"]}]},{\"@type\":\"WebPage\",\"@id\":\"https:\/\/ledco.sk\/cs\/top-hotelnictvi-2012-svetlo-jako-ctvrta-dimenze\/\",\"url\":\"https:\/\/ledco.sk\/cs\/top-hotelnictvi-2012-svetlo-jako-ctvrta-dimenze\/\",\"name\":\"Top hotelnictv\u00ed 2012 - Sv\u011btlo jako \u010dtvrt\u00e1 dimenze - Ledco\",\"isPartOf\":{\"@id\":\"https:\/\/ledco.sk\/cs\/#website\"},\"primaryImageOfPage\":{\"@id\":\"https:\/\/ledco.sk\/cs\/top-hotelnictvi-2012-svetlo-jako-ctvrta-dimenze\/#primaryimage\"},\"image\":{\"@id\":\"https:\/\/ledco.sk\/cs\/top-hotelnictvi-2012-svetlo-jako-ctvrta-dimenze\/#primaryimage\"},\"thumbnailUrl\":\"https:\/\/ledco.sk\/wp-content\/uploads\/2014\/08\/led-osvetlenie-bazenu-wellness-a-sauny-02.jpg\",\"datePublished\":\"2021-07-12T10:21:13+00:00\",\"description\":\"Sv\u011bteln\u00fd design, kter\u00fd by mohl podpo\u0159it r\u016fzn\u00e9 architektonick\u00e9 d\u00edla na\u0161ich m\u011bst, byl degradov\u00e1n na sv\u011btlomet na sloupu ve\u0159ejn\u00e9ho osv\u011btlen\u00ed. P\u0159i t\u00e9to \u00favaze se dost\u00e1v\u00e1me k ot\u00e1zce rozd\u00edlu technicky vyhovuj\u00edc\u00edch osv\u011btlen\u00ed a kreativn\u00edho osv\u011btlen\u00ed.\",\"breadcrumb\":{\"@id\":\"https:\/\/ledco.sk\/cs\/top-hotelnictvi-2012-svetlo-jako-ctvrta-dimenze\/#breadcrumb\"},\"inLanguage\":\"cs\",\"potentialAction\":[{\"@type\":\"ReadAction\",\"target\":[\"https:\/\/ledco.sk\/cs\/top-hotelnictvi-2012-svetlo-jako-ctvrta-dimenze\/\"]}]},{\"@type\":\"ImageObject\",\"inLanguage\":\"cs\",\"@id\":\"https:\/\/ledco.sk\/cs\/top-hotelnictvi-2012-svetlo-jako-ctvrta-dimenze\/#primaryimage\",\"url\":\"https:\/\/ledco.sk\/wp-content\/uploads\/2014\/08\/led-osvetlenie-bazenu-wellness-a-sauny-02.jpg\",\"contentUrl\":\"https:\/\/ledco.sk\/wp-content\/uploads\/2014\/08\/led-osvetlenie-bazenu-wellness-a-sauny-02.jpg\",\"width\":800,\"height\":534,\"caption\":\"LED osv\u011btlen\u00ed ve wellness a saun\u011b.\"},{\"@type\":\"BreadcrumbList\",\"@id\":\"https:\/\/ledco.sk\/cs\/top-hotelnictvi-2012-svetlo-jako-ctvrta-dimenze\/#breadcrumb\",\"itemListElement\":[{\"@type\":\"ListItem\",\"position\":1,\"name\":\"Home\",\"item\":\"https:\/\/ledco.sk\/cs\/\"},{\"@type\":\"ListItem\",\"position\":2,\"name\":\"Top hotelnictv\u00ed 2012 &#8211; Sv\u011btlo jako \u010dtvrt\u00e1 dimenze\"}]},{\"@type\":\"WebSite\",\"@id\":\"https:\/\/ledco.sk\/cs\/#website\",\"url\":\"https:\/\/ledco.sk\/cs\/\",\"name\":\"Ledco\",\"description\":\"Predaj svietidiel, n\u00e1vrh, poradenstvo a realiz\u00e1cia osvetlenia\",\"publisher\":{\"@id\":\"https:\/\/ledco.sk\/cs\/#organization\"},\"potentialAction\":[{\"@type\":\"SearchAction\",\"target\":{\"@type\":\"EntryPoint\",\"urlTemplate\":\"https:\/\/ledco.sk\/cs\/?s={search_term_string}\"},\"query-input\":{\"@type\":\"PropertyValueSpecification\",\"valueRequired\":true,\"valueName\":\"search_term_string\"}}],\"inLanguage\":\"cs\"},{\"@type\":\"Organization\",\"@id\":\"https:\/\/ledco.sk\/cs\/#organization\",\"name\":\"LEDCO s.r.o.\",\"url\":\"https:\/\/ledco.sk\/cs\/\",\"logo\":{\"@type\":\"ImageObject\",\"inLanguage\":\"cs\",\"@id\":\"https:\/\/ledco.sk\/cs\/#\/schema\/logo\/image\/\",\"url\":\"https:\/\/ledco.sk\/wp-content\/uploads\/2020\/03\/Logo_LEDCO.jpg\",\"contentUrl\":\"https:\/\/ledco.sk\/wp-content\/uploads\/2020\/03\/Logo_LEDCO.jpg\",\"width\":230,\"height\":73,\"caption\":\"LEDCO s.r.o.\"},\"image\":{\"@id\":\"https:\/\/ledco.sk\/cs\/#\/schema\/logo\/image\/\"},\"sameAs\":[\"https:\/\/www.facebook.com\/pages\/LEDCO-sro\/172577579457232?fref=ts\",\"https:\/\/x.com\/ledcolighting\",\"https:\/\/www.instagram.com\/ledco_lighting\/\",\"https:\/\/pinterest.com\/ledcolighting\/\",\"https:\/\/www.youtube.com\/user\/ledcoled\"]},{\"@type\":\"Person\",\"@id\":\"https:\/\/ledco.sk\/cs\/#\/schema\/person\/36e68047869b228046b848f8de5f76ea\",\"name\":\"Peter\",\"image\":{\"@type\":\"ImageObject\",\"inLanguage\":\"cs\",\"@id\":\"https:\/\/ledco.sk\/cs\/#\/schema\/person\/image\/\",\"url\":\"https:\/\/secure.gravatar.com\/avatar\/0fe6e5e56120d0055da448af26510c17cf88a66d934ceec1ac0e963978a15efe?s=96&d=mm&r=g\",\"contentUrl\":\"https:\/\/secure.gravatar.com\/avatar\/0fe6e5e56120d0055da448af26510c17cf88a66d934ceec1ac0e963978a15efe?s=96&d=mm&r=g\",\"caption\":\"Peter\"}}]}<\/script>\n<!-- \/ Yoast SEO plugin. -->","yoast_head_json":{"title":"Top hotelnictv\u00ed 2012 - Sv\u011btlo jako \u010dtvrt\u00e1 dimenze - Ledco","description":"Sv\u011bteln\u00fd design, kter\u00fd by mohl podpo\u0159it r\u016fzn\u00e9 architektonick\u00e9 d\u00edla na\u0161ich m\u011bst, byl degradov\u00e1n na sv\u011btlomet na sloupu ve\u0159ejn\u00e9ho osv\u011btlen\u00ed. P\u0159i t\u00e9to \u00favaze se dost\u00e1v\u00e1me k ot\u00e1zce rozd\u00edlu technicky vyhovuj\u00edc\u00edch osv\u011btlen\u00ed a kreativn\u00edho osv\u011btlen\u00ed.","robots":{"index":"index","follow":"follow","max-snippet":"max-snippet:-1","max-image-preview":"max-image-preview:large","max-video-preview":"max-video-preview:-1"},"canonical":"https:\/\/ledco.sk\/cs\/top-hotelnictvi-2012-svetlo-jako-ctvrta-dimenze\/","og_locale":"cs_CZ","og_type":"article","og_title":"Top hotelnictv\u00ed 2012 - Sv\u011btlo jako \u010dtvrt\u00e1 dimenze - Ledco","og_description":"Sv\u011bteln\u00fd design, kter\u00fd by mohl podpo\u0159it r\u016fzn\u00e9 architektonick\u00e9 d\u00edla na\u0161ich m\u011bst, byl degradov\u00e1n na sv\u011btlomet na sloupu ve\u0159ejn\u00e9ho osv\u011btlen\u00ed. P\u0159i t\u00e9to \u00favaze se dost\u00e1v\u00e1me k ot\u00e1zce rozd\u00edlu technicky vyhovuj\u00edc\u00edch osv\u011btlen\u00ed a kreativn\u00edho osv\u011btlen\u00ed.","og_url":"https:\/\/ledco.sk\/cs\/top-hotelnictvi-2012-svetlo-jako-ctvrta-dimenze\/","og_site_name":"Ledco","article_publisher":"https:\/\/www.facebook.com\/pages\/LEDCO-sro\/172577579457232?fref=ts","article_published_time":"2021-07-12T10:21:13+00:00","og_image":[{"width":800,"height":534,"url":"https:\/\/ledco.sk\/wp-content\/uploads\/2014\/08\/led-osvetlenie-bazenu-wellness-a-sauny-02.jpg","type":"image\/jpeg"}],"author":"Peter","twitter_card":"summary_large_image","twitter_creator":"@ledcolighting","twitter_site":"@ledcolighting","twitter_misc":{"Napsal(a)":"Peter","Odhadovan\u00e1 doba \u010dten\u00ed":"1 minuta"},"schema":{"@context":"https:\/\/schema.org","@graph":[{"@type":"Article","@id":"https:\/\/ledco.sk\/cs\/top-hotelnictvi-2012-svetlo-jako-ctvrta-dimenze\/#article","isPartOf":{"@id":"https:\/\/ledco.sk\/cs\/top-hotelnictvi-2012-svetlo-jako-ctvrta-dimenze\/"},"author":{"name":"Peter","@id":"https:\/\/ledco.sk\/cs\/#\/schema\/person\/36e68047869b228046b848f8de5f76ea"},"headline":"Top hotelnictv\u00ed 2012 &#8211; Sv\u011btlo jako \u010dtvrt\u00e1 dimenze","datePublished":"2021-07-12T10:21:13+00:00","mainEntityOfPage":{"@id":"https:\/\/ledco.sk\/cs\/top-hotelnictvi-2012-svetlo-jako-ctvrta-dimenze\/"},"wordCount":272,"commentCount":0,"publisher":{"@id":"https:\/\/ledco.sk\/cs\/#organization"},"image":{"@id":"https:\/\/ledco.sk\/cs\/top-hotelnictvi-2012-svetlo-jako-ctvrta-dimenze\/#primaryimage"},"thumbnailUrl":"https:\/\/ledco.sk\/wp-content\/uploads\/2014\/08\/led-osvetlenie-bazenu-wellness-a-sauny-02.jpg","keywords":["Hotel"],"articleSection":["Uncategorized @cs"],"inLanguage":"cs","potentialAction":[{"@type":"CommentAction","name":"Comment","target":["https:\/\/ledco.sk\/cs\/top-hotelnictvi-2012-svetlo-jako-ctvrta-dimenze\/#respond"]}]},{"@type":"WebPage","@id":"https:\/\/ledco.sk\/cs\/top-hotelnictvi-2012-svetlo-jako-ctvrta-dimenze\/","url":"https:\/\/ledco.sk\/cs\/top-hotelnictvi-2012-svetlo-jako-ctvrta-dimenze\/","name":"Top hotelnictv\u00ed 2012 - Sv\u011btlo jako \u010dtvrt\u00e1 dimenze - Ledco","isPartOf":{"@id":"https:\/\/ledco.sk\/cs\/#website"},"primaryImageOfPage":{"@id":"https:\/\/ledco.sk\/cs\/top-hotelnictvi-2012-svetlo-jako-ctvrta-dimenze\/#primaryimage"},"image":{"@id":"https:\/\/ledco.sk\/cs\/top-hotelnictvi-2012-svetlo-jako-ctvrta-dimenze\/#primaryimage"},"thumbnailUrl":"https:\/\/ledco.sk\/wp-content\/uploads\/2014\/08\/led-osvetlenie-bazenu-wellness-a-sauny-02.jpg","datePublished":"2021-07-12T10:21:13+00:00","description":"Sv\u011bteln\u00fd design, kter\u00fd by mohl podpo\u0159it r\u016fzn\u00e9 architektonick\u00e9 d\u00edla na\u0161ich m\u011bst, byl degradov\u00e1n na sv\u011btlomet na sloupu ve\u0159ejn\u00e9ho osv\u011btlen\u00ed. P\u0159i t\u00e9to \u00favaze se dost\u00e1v\u00e1me k ot\u00e1zce rozd\u00edlu technicky vyhovuj\u00edc\u00edch osv\u011btlen\u00ed a kreativn\u00edho osv\u011btlen\u00ed.","breadcrumb":{"@id":"https:\/\/ledco.sk\/cs\/top-hotelnictvi-2012-svetlo-jako-ctvrta-dimenze\/#breadcrumb"},"inLanguage":"cs","potentialAction":[{"@type":"ReadAction","target":["https:\/\/ledco.sk\/cs\/top-hotelnictvi-2012-svetlo-jako-ctvrta-dimenze\/"]}]},{"@type":"ImageObject","inLanguage":"cs","@id":"https:\/\/ledco.sk\/cs\/top-hotelnictvi-2012-svetlo-jako-ctvrta-dimenze\/#primaryimage","url":"https:\/\/ledco.sk\/wp-content\/uploads\/2014\/08\/led-osvetlenie-bazenu-wellness-a-sauny-02.jpg","contentUrl":"https:\/\/ledco.sk\/wp-content\/uploads\/2014\/08\/led-osvetlenie-bazenu-wellness-a-sauny-02.jpg","width":800,"height":534,"caption":"LED osv\u011btlen\u00ed ve wellness a saun\u011b."},{"@type":"BreadcrumbList","@id":"https:\/\/ledco.sk\/cs\/top-hotelnictvi-2012-svetlo-jako-ctvrta-dimenze\/#breadcrumb","itemListElement":[{"@type":"ListItem","position":1,"name":"Home","item":"https:\/\/ledco.sk\/cs\/"},{"@type":"ListItem","position":2,"name":"Top hotelnictv\u00ed 2012 &#8211; Sv\u011btlo jako \u010dtvrt\u00e1 dimenze"}]},{"@type":"WebSite","@id":"https:\/\/ledco.sk\/cs\/#website","url":"https:\/\/ledco.sk\/cs\/","name":"Ledco","description":"Predaj svietidiel, n\u00e1vrh, poradenstvo a realiz\u00e1cia osvetlenia","publisher":{"@id":"https:\/\/ledco.sk\/cs\/#organization"},"potentialAction":[{"@type":"SearchAction","target":{"@type":"EntryPoint","urlTemplate":"https:\/\/ledco.sk\/cs\/?s={search_term_string}"},"query-input":{"@type":"PropertyValueSpecification","valueRequired":true,"valueName":"search_term_string"}}],"inLanguage":"cs"},{"@type":"Organization","@id":"https:\/\/ledco.sk\/cs\/#organization","name":"LEDCO s.r.o.","url":"https:\/\/ledco.sk\/cs\/","logo":{"@type":"ImageObject","inLanguage":"cs","@id":"https:\/\/ledco.sk\/cs\/#\/schema\/logo\/image\/","url":"https:\/\/ledco.sk\/wp-content\/uploads\/2020\/03\/Logo_LEDCO.jpg","contentUrl":"https:\/\/ledco.sk\/wp-content\/uploads\/2020\/03\/Logo_LEDCO.jpg","width":230,"height":73,"caption":"LEDCO s.r.o."},"image":{"@id":"https:\/\/ledco.sk\/cs\/#\/schema\/logo\/image\/"},"sameAs":["https:\/\/www.facebook.com\/pages\/LEDCO-sro\/172577579457232?fref=ts","https:\/\/x.com\/ledcolighting","https:\/\/www.instagram.com\/ledco_lighting\/","https:\/\/pinterest.com\/ledcolighting\/","https:\/\/www.youtube.com\/user\/ledcoled"]},{"@type":"Person","@id":"https:\/\/ledco.sk\/cs\/#\/schema\/person\/36e68047869b228046b848f8de5f76ea","name":"Peter","image":{"@type":"ImageObject","inLanguage":"cs","@id":"https:\/\/ledco.sk\/cs\/#\/schema\/person\/image\/","url":"https:\/\/secure.gravatar.com\/avatar\/0fe6e5e56120d0055da448af26510c17cf88a66d934ceec1ac0e963978a15efe?s=96&d=mm&r=g","contentUrl":"https:\/\/secure.gravatar.com\/avatar\/0fe6e5e56120d0055da448af26510c17cf88a66d934ceec1ac0e963978a15efe?s=96&d=mm&r=g","caption":"Peter"}}]}},"_links":{"self":[{"href":"https:\/\/ledco.sk\/cs\/wp-json\/wp\/v2\/posts\/107022","targetHints":{"allow":["GET"]}}],"collection":[{"href":"https:\/\/ledco.sk\/cs\/wp-json\/wp\/v2\/posts"}],"about":[{"href":"https:\/\/ledco.sk\/cs\/wp-json\/wp\/v2\/types\/post"}],"author":[{"embeddable":true,"href":"https:\/\/ledco.sk\/cs\/wp-json\/wp\/v2\/users\/1"}],"replies":[{"embeddable":true,"href":"https:\/\/ledco.sk\/cs\/wp-json\/wp\/v2\/comments?post=107022"}],"version-history":[{"count":0,"href":"https:\/\/ledco.sk\/cs\/wp-json\/wp\/v2\/posts\/107022\/revisions"}],"wp:featuredmedia":[{"embeddable":true,"href":"https:\/\/ledco.sk\/cs\/wp-json\/wp\/v2\/media\/92295"}],"wp:attachment":[{"href":"https:\/\/ledco.sk\/cs\/wp-json\/wp\/v2\/media?parent=107022"}],"wp:term":[{"taxonomy":"category","embeddable":true,"href":"https:\/\/ledco.sk\/cs\/wp-json\/wp\/v2\/categories?post=107022"},{"taxonomy":"post_tag","embeddable":true,"href":"https:\/\/ledco.sk\/cs\/wp-json\/wp\/v2\/tags?post=107022"}],"curies":[{"name":"wp","href":"https:\/\/api.w.org\/{rel}","templated":true}]}}