{"id":107024,"date":"2021-07-12T12:25:49","date_gmt":"2021-07-12T10:25:49","guid":{"rendered":"https:\/\/ledco.sk\/ledco-na-vystave-dum-a-bydleni-2012-agrokomplex-nitra\/"},"modified":"2021-07-12T12:25:49","modified_gmt":"2021-07-12T10:25:49","slug":"ledco-na-vystave-dum-a-bydleni-2012-agrokomplex-nitra","status":"publish","type":"post","link":"https:\/\/ledco.sk\/cs\/ledco-na-vystave-dum-a-bydleni-2012-agrokomplex-nitra\/","title":{"rendered":"LEDCO na v\u00fdstav\u011b D\u016fm a bydlen\u00ed 2012 &#8211; Agrokomplex Nitra"},"content":{"rendered":"<h2 style=\"color: #000000;\">Detail Projektu<\/h2>\n<p>Ve spolupr\u00e1ci s architektonickou kancel\u00e1\u0159\u00ed Apex-Arch (\u010cern\u00e1k, \u017dilinsk\u00fd), p\u0159edstavila na\u0161e spole\u010dnost LEDCO s.r.o. na 22. mezin\u00e1rodn\u00edm veletrhu n\u00e1bytku a bytov\u00fdch dopl\u0148k\u016f projekty realizovan\u00e9 v roce 2011 a vize pro nadch\u00e1dazj\u00face obdob\u00ed. N\u00e1v\u0161t\u011bvn\u00edk\u016fm jsme p\u0159ibl\u00ed\u017eili v\u00fdhody a postup n\u00e1vrh\u016f projekt\u016f osv\u011btlen\u00ed, a jednozna\u010dn\u00e9 p\u0159\u00ednosy takov\u00e9ho postupu pro budouc\u00edho u\u017eivatele.<br \/>\nV p\u0159\u00edpad\u011b, \u017ee jste nem\u011bli mo\u017enost nav\u0161t\u00edvit na\u0161i expozici v Nitre, r\u00e1di V\u00e1m ve\u0161ker\u00e9 ot\u00e1zky zodpov\u00edme osobn\u011b. Zastavte se u n\u00e1s a nechte si poradit d\u0159\u00edve, ne\u017e se pust\u00edte do realizace. Nebudete litovat.<\/p>\n","protected":false},"excerpt":{"rendered":"<p>Detail Projektu Ve spolupr\u00e1ci s architektonickou kancel\u00e1\u0159\u00ed Apex-Arch (\u010cern\u00e1k, \u017dilinsk\u00fd), p\u0159edstavila na\u0161e spole\u010dnost LEDCO s.r.o. na 22. mezin\u00e1rodn\u00edm veletrhu n\u00e1bytku a bytov\u00fdch dopl\u0148k\u016f projekty realizovan\u00e9 v roce 2011 a vize pro nadch\u00e1dazj\u00face obdob\u00ed. N\u00e1v\u0161t\u011bvn\u00edk\u016fm jsme p\u0159ibl\u00ed\u017eili v\u00fdhody a postup n\u00e1vrh\u016f projekt\u016f osv\u011btlen\u00ed, a jednozna\u010dn\u00e9 p\u0159\u00ednosy takov\u00e9ho postupu pro budouc\u00edho u\u017eivatele. V p\u0159\u00edpad\u011b, \u017ee jste nem\u011bli [&hellip;]<\/p>\n","protected":false},"author":1,"featured_media":92129,"comment_status":"open","ping_status":"open","sticky":false,"template":"page_container.php","format":"standard","meta":{"_acf_changed":false,"footnotes":""},"categories":[8],"tags":[136],"class_list":["post-107024","post","type-post","status-publish","format-standard","has-post-thumbnail","hentry","category-uncategorized-cs","tag-hvezdne-nebe"],"acf":[],"yoast_head":"<!-- This site is optimized with the Yoast SEO plugin v25.0 - https:\/\/yoast.com\/wordpress\/plugins\/seo\/ -->\n<title>LEDCO na v\u00fdstav\u011b D\u016fm a bydlen\u00ed 2012 - Agrokomplex Nitra - Ledco<\/title>\n<meta name=\"description\" content=\"LEDCO s.r.o na 22. mezin\u00e1rodn\u00edm veletrhu n\u00e1bytku a bytov\u00fdch dopl\u0148k\u016f projekty realizovan\u00e9 v roce 2011 a vize pro nadch\u00e1dazj\u00face obdob\u00ed. N\u00e1v\u0161t\u011bvn\u00edk\u016fm jsme p\u0159ibl\u00ed\u017eili v\u00fdhody a postup n\u00e1vrh\u016f projekt\u016f osv\u011btlen\u00ed, a jednozna\u010dn\u00e9 p\u0159\u00ednosy takov\u00e9ho postupu pro budouc\u00edho u\u017eivatele.\" \/>\n<meta name=\"robots\" content=\"index, follow, max-snippet:-1, max-image-preview:large, max-video-preview:-1\" \/>\n<link rel=\"canonical\" href=\"https:\/\/ledco.sk\/cs\/ledco-na-vystave-dum-a-bydleni-2012-agrokomplex-nitra\/\" \/>\n<meta property=\"og:locale\" content=\"cs_CZ\" \/>\n<meta property=\"og:type\" content=\"article\" \/>\n<meta property=\"og:title\" content=\"LEDCO na v\u00fdstav\u011b D\u016fm a bydlen\u00ed 2012 - Agrokomplex Nitra - Ledco\" \/>\n<meta property=\"og:description\" content=\"LEDCO s.r.o na 22. mezin\u00e1rodn\u00edm veletrhu n\u00e1bytku a bytov\u00fdch dopl\u0148k\u016f projekty realizovan\u00e9 v roce 2011 a vize pro nadch\u00e1dazj\u00face obdob\u00ed. N\u00e1v\u0161t\u011bvn\u00edk\u016fm jsme p\u0159ibl\u00ed\u017eili v\u00fdhody a postup n\u00e1vrh\u016f projekt\u016f osv\u011btlen\u00ed, a jednozna\u010dn\u00e9 p\u0159\u00ednosy takov\u00e9ho postupu pro budouc\u00edho u\u017eivatele.\" \/>\n<meta property=\"og:url\" content=\"https:\/\/ledco.sk\/cs\/ledco-na-vystave-dum-a-bydleni-2012-agrokomplex-nitra\/\" \/>\n<meta property=\"og:site_name\" content=\"Ledco\" \/>\n<meta property=\"article:publisher\" content=\"https:\/\/www.facebook.com\/pages\/LEDCO-sro\/172577579457232?fref=ts\" \/>\n<meta property=\"article:published_time\" content=\"2021-07-12T10:25:49+00:00\" \/>\n<meta property=\"og:image\" content=\"https:\/\/ledco.sk\/wp-content\/uploads\/2014\/08\/vystava-nabytok-byvanie-agrokomplex-nitra-2012-2.jpg\" \/>\n\t<meta property=\"og:image:width\" content=\"800\" \/>\n\t<meta property=\"og:image:height\" content=\"534\" \/>\n\t<meta property=\"og:image:type\" content=\"image\/jpeg\" \/>\n<meta name=\"author\" content=\"Peter\" \/>\n<meta name=\"twitter:card\" content=\"summary_large_image\" \/>\n<meta name=\"twitter:creator\" content=\"@ledcolighting\" \/>\n<meta name=\"twitter:site\" content=\"@ledcolighting\" \/>\n<meta name=\"twitter:label1\" content=\"Napsal(a)\" \/>\n\t<meta name=\"twitter:data1\" content=\"Peter\" \/>\n\t<meta name=\"twitter:label2\" content=\"Odhadovan\u00e1 doba \u010dten\u00ed\" \/>\n\t<meta name=\"twitter:data2\" content=\"1 minuta\" \/>\n<script type=\"application\/ld+json\" class=\"yoast-schema-graph\">{\"@context\":\"https:\/\/schema.org\",\"@graph\":[{\"@type\":\"Article\",\"@id\":\"https:\/\/ledco.sk\/cs\/ledco-na-vystave-dum-a-bydleni-2012-agrokomplex-nitra\/#article\",\"isPartOf\":{\"@id\":\"https:\/\/ledco.sk\/cs\/ledco-na-vystave-dum-a-bydleni-2012-agrokomplex-nitra\/\"},\"author\":{\"name\":\"Peter\",\"@id\":\"https:\/\/ledco.sk\/cs\/#\/schema\/person\/36e68047869b228046b848f8de5f76ea\"},\"headline\":\"LEDCO na v\u00fdstav\u011b D\u016fm a bydlen\u00ed 2012 &#8211; Agrokomplex Nitra\",\"datePublished\":\"2021-07-12T10:25:49+00:00\",\"mainEntityOfPage\":{\"@id\":\"https:\/\/ledco.sk\/cs\/ledco-na-vystave-dum-a-bydleni-2012-agrokomplex-nitra\/\"},\"wordCount\":135,\"commentCount\":0,\"publisher\":{\"@id\":\"https:\/\/ledco.sk\/cs\/#organization\"},\"image\":{\"@id\":\"https:\/\/ledco.sk\/cs\/ledco-na-vystave-dum-a-bydleni-2012-agrokomplex-nitra\/#primaryimage\"},\"thumbnailUrl\":\"https:\/\/ledco.sk\/wp-content\/uploads\/2014\/08\/vystava-nabytok-byvanie-agrokomplex-nitra-2012-2.jpg\",\"keywords\":[\"Hv\u011bzdn\u00e9 nebe\"],\"articleSection\":[\"Uncategorized @cs\"],\"inLanguage\":\"cs\",\"potentialAction\":[{\"@type\":\"CommentAction\",\"name\":\"Comment\",\"target\":[\"https:\/\/ledco.sk\/cs\/ledco-na-vystave-dum-a-bydleni-2012-agrokomplex-nitra\/#respond\"]}]},{\"@type\":\"WebPage\",\"@id\":\"https:\/\/ledco.sk\/cs\/ledco-na-vystave-dum-a-bydleni-2012-agrokomplex-nitra\/\",\"url\":\"https:\/\/ledco.sk\/cs\/ledco-na-vystave-dum-a-bydleni-2012-agrokomplex-nitra\/\",\"name\":\"LEDCO na v\u00fdstav\u011b D\u016fm a bydlen\u00ed 2012 - Agrokomplex Nitra - Ledco\",\"isPartOf\":{\"@id\":\"https:\/\/ledco.sk\/cs\/#website\"},\"primaryImageOfPage\":{\"@id\":\"https:\/\/ledco.sk\/cs\/ledco-na-vystave-dum-a-bydleni-2012-agrokomplex-nitra\/#primaryimage\"},\"image\":{\"@id\":\"https:\/\/ledco.sk\/cs\/ledco-na-vystave-dum-a-bydleni-2012-agrokomplex-nitra\/#primaryimage\"},\"thumbnailUrl\":\"https:\/\/ledco.sk\/wp-content\/uploads\/2014\/08\/vystava-nabytok-byvanie-agrokomplex-nitra-2012-2.jpg\",\"datePublished\":\"2021-07-12T10:25:49+00:00\",\"description\":\"LEDCO s.r.o na 22. mezin\u00e1rodn\u00edm veletrhu n\u00e1bytku a bytov\u00fdch dopl\u0148k\u016f projekty realizovan\u00e9 v roce 2011 a vize pro nadch\u00e1dazj\u00face obdob\u00ed. N\u00e1v\u0161t\u011bvn\u00edk\u016fm jsme p\u0159ibl\u00ed\u017eili v\u00fdhody a postup n\u00e1vrh\u016f projekt\u016f osv\u011btlen\u00ed, a jednozna\u010dn\u00e9 p\u0159\u00ednosy takov\u00e9ho postupu pro budouc\u00edho u\u017eivatele.\",\"breadcrumb\":{\"@id\":\"https:\/\/ledco.sk\/cs\/ledco-na-vystave-dum-a-bydleni-2012-agrokomplex-nitra\/#breadcrumb\"},\"inLanguage\":\"cs\",\"potentialAction\":[{\"@type\":\"ReadAction\",\"target\":[\"https:\/\/ledco.sk\/cs\/ledco-na-vystave-dum-a-bydleni-2012-agrokomplex-nitra\/\"]}]},{\"@type\":\"ImageObject\",\"inLanguage\":\"cs\",\"@id\":\"https:\/\/ledco.sk\/cs\/ledco-na-vystave-dum-a-bydleni-2012-agrokomplex-nitra\/#primaryimage\",\"url\":\"https:\/\/ledco.sk\/wp-content\/uploads\/2014\/08\/vystava-nabytok-byvanie-agrokomplex-nitra-2012-2.jpg\",\"contentUrl\":\"https:\/\/ledco.sk\/wp-content\/uploads\/2014\/08\/vystava-nabytok-byvanie-agrokomplex-nitra-2012-2.jpg\",\"width\":800,\"height\":534},{\"@type\":\"BreadcrumbList\",\"@id\":\"https:\/\/ledco.sk\/cs\/ledco-na-vystave-dum-a-bydleni-2012-agrokomplex-nitra\/#breadcrumb\",\"itemListElement\":[{\"@type\":\"ListItem\",\"position\":1,\"name\":\"Home\",\"item\":\"https:\/\/ledco.sk\/cs\/\"},{\"@type\":\"ListItem\",\"position\":2,\"name\":\"LEDCO na v\u00fdstav\u011b D\u016fm a bydlen\u00ed 2012 &#8211; Agrokomplex Nitra\"}]},{\"@type\":\"WebSite\",\"@id\":\"https:\/\/ledco.sk\/cs\/#website\",\"url\":\"https:\/\/ledco.sk\/cs\/\",\"name\":\"Ledco\",\"description\":\"Predaj svietidiel, n\u00e1vrh, poradenstvo a realiz\u00e1cia osvetlenia\",\"publisher\":{\"@id\":\"https:\/\/ledco.sk\/cs\/#organization\"},\"potentialAction\":[{\"@type\":\"SearchAction\",\"target\":{\"@type\":\"EntryPoint\",\"urlTemplate\":\"https:\/\/ledco.sk\/cs\/?s={search_term_string}\"},\"query-input\":{\"@type\":\"PropertyValueSpecification\",\"valueRequired\":true,\"valueName\":\"search_term_string\"}}],\"inLanguage\":\"cs\"},{\"@type\":\"Organization\",\"@id\":\"https:\/\/ledco.sk\/cs\/#organization\",\"name\":\"LEDCO s.r.o.\",\"url\":\"https:\/\/ledco.sk\/cs\/\",\"logo\":{\"@type\":\"ImageObject\",\"inLanguage\":\"cs\",\"@id\":\"https:\/\/ledco.sk\/cs\/#\/schema\/logo\/image\/\",\"url\":\"https:\/\/ledco.sk\/wp-content\/uploads\/2020\/03\/Logo_LEDCO.jpg\",\"contentUrl\":\"https:\/\/ledco.sk\/wp-content\/uploads\/2020\/03\/Logo_LEDCO.jpg\",\"width\":230,\"height\":73,\"caption\":\"LEDCO s.r.o.\"},\"image\":{\"@id\":\"https:\/\/ledco.sk\/cs\/#\/schema\/logo\/image\/\"},\"sameAs\":[\"https:\/\/www.facebook.com\/pages\/LEDCO-sro\/172577579457232?fref=ts\",\"https:\/\/x.com\/ledcolighting\",\"https:\/\/www.instagram.com\/ledco_lighting\/\",\"https:\/\/pinterest.com\/ledcolighting\/\",\"https:\/\/www.youtube.com\/user\/ledcoled\"]},{\"@type\":\"Person\",\"@id\":\"https:\/\/ledco.sk\/cs\/#\/schema\/person\/36e68047869b228046b848f8de5f76ea\",\"name\":\"Peter\",\"image\":{\"@type\":\"ImageObject\",\"inLanguage\":\"cs\",\"@id\":\"https:\/\/ledco.sk\/cs\/#\/schema\/person\/image\/\",\"url\":\"https:\/\/secure.gravatar.com\/avatar\/0fe6e5e56120d0055da448af26510c17cf88a66d934ceec1ac0e963978a15efe?s=96&d=mm&r=g\",\"contentUrl\":\"https:\/\/secure.gravatar.com\/avatar\/0fe6e5e56120d0055da448af26510c17cf88a66d934ceec1ac0e963978a15efe?s=96&d=mm&r=g\",\"caption\":\"Peter\"}}]}<\/script>\n<!-- \/ Yoast SEO plugin. -->","yoast_head_json":{"title":"LEDCO na v\u00fdstav\u011b D\u016fm a bydlen\u00ed 2012 - Agrokomplex Nitra - Ledco","description":"LEDCO s.r.o na 22. mezin\u00e1rodn\u00edm veletrhu n\u00e1bytku a bytov\u00fdch dopl\u0148k\u016f projekty realizovan\u00e9 v roce 2011 a vize pro nadch\u00e1dazj\u00face obdob\u00ed. N\u00e1v\u0161t\u011bvn\u00edk\u016fm jsme p\u0159ibl\u00ed\u017eili v\u00fdhody a postup n\u00e1vrh\u016f projekt\u016f osv\u011btlen\u00ed, a jednozna\u010dn\u00e9 p\u0159\u00ednosy takov\u00e9ho postupu pro budouc\u00edho u\u017eivatele.","robots":{"index":"index","follow":"follow","max-snippet":"max-snippet:-1","max-image-preview":"max-image-preview:large","max-video-preview":"max-video-preview:-1"},"canonical":"https:\/\/ledco.sk\/cs\/ledco-na-vystave-dum-a-bydleni-2012-agrokomplex-nitra\/","og_locale":"cs_CZ","og_type":"article","og_title":"LEDCO na v\u00fdstav\u011b D\u016fm a bydlen\u00ed 2012 - Agrokomplex Nitra - Ledco","og_description":"LEDCO s.r.o na 22. mezin\u00e1rodn\u00edm veletrhu n\u00e1bytku a bytov\u00fdch dopl\u0148k\u016f projekty realizovan\u00e9 v roce 2011 a vize pro nadch\u00e1dazj\u00face obdob\u00ed. N\u00e1v\u0161t\u011bvn\u00edk\u016fm jsme p\u0159ibl\u00ed\u017eili v\u00fdhody a postup n\u00e1vrh\u016f projekt\u016f osv\u011btlen\u00ed, a jednozna\u010dn\u00e9 p\u0159\u00ednosy takov\u00e9ho postupu pro budouc\u00edho u\u017eivatele.","og_url":"https:\/\/ledco.sk\/cs\/ledco-na-vystave-dum-a-bydleni-2012-agrokomplex-nitra\/","og_site_name":"Ledco","article_publisher":"https:\/\/www.facebook.com\/pages\/LEDCO-sro\/172577579457232?fref=ts","article_published_time":"2021-07-12T10:25:49+00:00","og_image":[{"width":800,"height":534,"url":"https:\/\/ledco.sk\/wp-content\/uploads\/2014\/08\/vystava-nabytok-byvanie-agrokomplex-nitra-2012-2.jpg","type":"image\/jpeg"}],"author":"Peter","twitter_card":"summary_large_image","twitter_creator":"@ledcolighting","twitter_site":"@ledcolighting","twitter_misc":{"Napsal(a)":"Peter","Odhadovan\u00e1 doba \u010dten\u00ed":"1 minuta"},"schema":{"@context":"https:\/\/schema.org","@graph":[{"@type":"Article","@id":"https:\/\/ledco.sk\/cs\/ledco-na-vystave-dum-a-bydleni-2012-agrokomplex-nitra\/#article","isPartOf":{"@id":"https:\/\/ledco.sk\/cs\/ledco-na-vystave-dum-a-bydleni-2012-agrokomplex-nitra\/"},"author":{"name":"Peter","@id":"https:\/\/ledco.sk\/cs\/#\/schema\/person\/36e68047869b228046b848f8de5f76ea"},"headline":"LEDCO na v\u00fdstav\u011b D\u016fm a bydlen\u00ed 2012 &#8211; Agrokomplex Nitra","datePublished":"2021-07-12T10:25:49+00:00","mainEntityOfPage":{"@id":"https:\/\/ledco.sk\/cs\/ledco-na-vystave-dum-a-bydleni-2012-agrokomplex-nitra\/"},"wordCount":135,"commentCount":0,"publisher":{"@id":"https:\/\/ledco.sk\/cs\/#organization"},"image":{"@id":"https:\/\/ledco.sk\/cs\/ledco-na-vystave-dum-a-bydleni-2012-agrokomplex-nitra\/#primaryimage"},"thumbnailUrl":"https:\/\/ledco.sk\/wp-content\/uploads\/2014\/08\/vystava-nabytok-byvanie-agrokomplex-nitra-2012-2.jpg","keywords":["Hv\u011bzdn\u00e9 nebe"],"articleSection":["Uncategorized @cs"],"inLanguage":"cs","potentialAction":[{"@type":"CommentAction","name":"Comment","target":["https:\/\/ledco.sk\/cs\/ledco-na-vystave-dum-a-bydleni-2012-agrokomplex-nitra\/#respond"]}]},{"@type":"WebPage","@id":"https:\/\/ledco.sk\/cs\/ledco-na-vystave-dum-a-bydleni-2012-agrokomplex-nitra\/","url":"https:\/\/ledco.sk\/cs\/ledco-na-vystave-dum-a-bydleni-2012-agrokomplex-nitra\/","name":"LEDCO na v\u00fdstav\u011b D\u016fm a bydlen\u00ed 2012 - Agrokomplex Nitra - Ledco","isPartOf":{"@id":"https:\/\/ledco.sk\/cs\/#website"},"primaryImageOfPage":{"@id":"https:\/\/ledco.sk\/cs\/ledco-na-vystave-dum-a-bydleni-2012-agrokomplex-nitra\/#primaryimage"},"image":{"@id":"https:\/\/ledco.sk\/cs\/ledco-na-vystave-dum-a-bydleni-2012-agrokomplex-nitra\/#primaryimage"},"thumbnailUrl":"https:\/\/ledco.sk\/wp-content\/uploads\/2014\/08\/vystava-nabytok-byvanie-agrokomplex-nitra-2012-2.jpg","datePublished":"2021-07-12T10:25:49+00:00","description":"LEDCO s.r.o na 22. mezin\u00e1rodn\u00edm veletrhu n\u00e1bytku a bytov\u00fdch dopl\u0148k\u016f projekty realizovan\u00e9 v roce 2011 a vize pro nadch\u00e1dazj\u00face obdob\u00ed. N\u00e1v\u0161t\u011bvn\u00edk\u016fm jsme p\u0159ibl\u00ed\u017eili v\u00fdhody a postup n\u00e1vrh\u016f projekt\u016f osv\u011btlen\u00ed, a jednozna\u010dn\u00e9 p\u0159\u00ednosy takov\u00e9ho postupu pro budouc\u00edho u\u017eivatele.","breadcrumb":{"@id":"https:\/\/ledco.sk\/cs\/ledco-na-vystave-dum-a-bydleni-2012-agrokomplex-nitra\/#breadcrumb"},"inLanguage":"cs","potentialAction":[{"@type":"ReadAction","target":["https:\/\/ledco.sk\/cs\/ledco-na-vystave-dum-a-bydleni-2012-agrokomplex-nitra\/"]}]},{"@type":"ImageObject","inLanguage":"cs","@id":"https:\/\/ledco.sk\/cs\/ledco-na-vystave-dum-a-bydleni-2012-agrokomplex-nitra\/#primaryimage","url":"https:\/\/ledco.sk\/wp-content\/uploads\/2014\/08\/vystava-nabytok-byvanie-agrokomplex-nitra-2012-2.jpg","contentUrl":"https:\/\/ledco.sk\/wp-content\/uploads\/2014\/08\/vystava-nabytok-byvanie-agrokomplex-nitra-2012-2.jpg","width":800,"height":534},{"@type":"BreadcrumbList","@id":"https:\/\/ledco.sk\/cs\/ledco-na-vystave-dum-a-bydleni-2012-agrokomplex-nitra\/#breadcrumb","itemListElement":[{"@type":"ListItem","position":1,"name":"Home","item":"https:\/\/ledco.sk\/cs\/"},{"@type":"ListItem","position":2,"name":"LEDCO na v\u00fdstav\u011b D\u016fm a bydlen\u00ed 2012 &#8211; Agrokomplex Nitra"}]},{"@type":"WebSite","@id":"https:\/\/ledco.sk\/cs\/#website","url":"https:\/\/ledco.sk\/cs\/","name":"Ledco","description":"Predaj svietidiel, n\u00e1vrh, poradenstvo a realiz\u00e1cia osvetlenia","publisher":{"@id":"https:\/\/ledco.sk\/cs\/#organization"},"potentialAction":[{"@type":"SearchAction","target":{"@type":"EntryPoint","urlTemplate":"https:\/\/ledco.sk\/cs\/?s={search_term_string}"},"query-input":{"@type":"PropertyValueSpecification","valueRequired":true,"valueName":"search_term_string"}}],"inLanguage":"cs"},{"@type":"Organization","@id":"https:\/\/ledco.sk\/cs\/#organization","name":"LEDCO s.r.o.","url":"https:\/\/ledco.sk\/cs\/","logo":{"@type":"ImageObject","inLanguage":"cs","@id":"https:\/\/ledco.sk\/cs\/#\/schema\/logo\/image\/","url":"https:\/\/ledco.sk\/wp-content\/uploads\/2020\/03\/Logo_LEDCO.jpg","contentUrl":"https:\/\/ledco.sk\/wp-content\/uploads\/2020\/03\/Logo_LEDCO.jpg","width":230,"height":73,"caption":"LEDCO s.r.o."},"image":{"@id":"https:\/\/ledco.sk\/cs\/#\/schema\/logo\/image\/"},"sameAs":["https:\/\/www.facebook.com\/pages\/LEDCO-sro\/172577579457232?fref=ts","https:\/\/x.com\/ledcolighting","https:\/\/www.instagram.com\/ledco_lighting\/","https:\/\/pinterest.com\/ledcolighting\/","https:\/\/www.youtube.com\/user\/ledcoled"]},{"@type":"Person","@id":"https:\/\/ledco.sk\/cs\/#\/schema\/person\/36e68047869b228046b848f8de5f76ea","name":"Peter","image":{"@type":"ImageObject","inLanguage":"cs","@id":"https:\/\/ledco.sk\/cs\/#\/schema\/person\/image\/","url":"https:\/\/secure.gravatar.com\/avatar\/0fe6e5e56120d0055da448af26510c17cf88a66d934ceec1ac0e963978a15efe?s=96&d=mm&r=g","contentUrl":"https:\/\/secure.gravatar.com\/avatar\/0fe6e5e56120d0055da448af26510c17cf88a66d934ceec1ac0e963978a15efe?s=96&d=mm&r=g","caption":"Peter"}}]}},"_links":{"self":[{"href":"https:\/\/ledco.sk\/cs\/wp-json\/wp\/v2\/posts\/107024","targetHints":{"allow":["GET"]}}],"collection":[{"href":"https:\/\/ledco.sk\/cs\/wp-json\/wp\/v2\/posts"}],"about":[{"href":"https:\/\/ledco.sk\/cs\/wp-json\/wp\/v2\/types\/post"}],"author":[{"embeddable":true,"href":"https:\/\/ledco.sk\/cs\/wp-json\/wp\/v2\/users\/1"}],"replies":[{"embeddable":true,"href":"https:\/\/ledco.sk\/cs\/wp-json\/wp\/v2\/comments?post=107024"}],"version-history":[{"count":0,"href":"https:\/\/ledco.sk\/cs\/wp-json\/wp\/v2\/posts\/107024\/revisions"}],"wp:featuredmedia":[{"embeddable":true,"href":"https:\/\/ledco.sk\/cs\/wp-json\/wp\/v2\/media\/92129"}],"wp:attachment":[{"href":"https:\/\/ledco.sk\/cs\/wp-json\/wp\/v2\/media?parent=107024"}],"wp:term":[{"taxonomy":"category","embeddable":true,"href":"https:\/\/ledco.sk\/cs\/wp-json\/wp\/v2\/categories?post=107024"},{"taxonomy":"post_tag","embeddable":true,"href":"https:\/\/ledco.sk\/cs\/wp-json\/wp\/v2\/tags?post=107024"}],"curies":[{"name":"wp","href":"https:\/\/api.w.org\/{rel}","templated":true}]}}