{"id":126145,"date":"2026-07-21T14:04:51","date_gmt":"2026-07-21T12:04:51","guid":{"rendered":"https:\/\/ledco.sk\/svetlo-ktere-borise-nejvice-prekvapilo\/"},"modified":"2026-07-28T09:38:09","modified_gmt":"2026-07-28T07:38:09","slug":"svetlo-ktere-borise-nejvice-prekvapilo","status":"publish","type":"post","link":"https:\/\/ledco.sk\/cs\/svetlo-ktere-borise-nejvice-prekvapilo\/","title":{"rendered":"Sv\u011btlo, kter\u00e9 Borise p\u0159ekvapilo nejv\u00edce"},"content":{"rendered":"\n<p class=\"wp-block-paragraph\">Boris p\u0159i v\u00fdb\u011bru osv\u011btlen\u00ed vsadil na profesion\u00e1ln\u00ed p\u0159\u00edstup LEDCO. V\u00fdsledkem je modern\u00ed interi\u00e9r s promy\u0161len\u00fdmi sv\u00edtidly a koupelna, ve kter\u00e9 ho mo\u017enosti ambientn\u00edho osv\u011btlen\u00ed p\u0159ekvapily nejv\u00edce.<\/p>\n\n\n\n<h3 class=\"wp-block-heading\">Modern\u00ed domov dota\u017een\u00fd sv\u011btlem<\/h3>\n\n\n\n<p class=\"wp-block-paragraph\">Z\u00e1kladn\u00ed podobu Borisova interi\u00e9ru p\u0159ipravili architekti. B\u011bhem realizace si v\u0161ak majitel\u00e9 n\u011bkolik detail\u016f upravili podle vlastn\u00edch p\u0159edstav a pr\u00e1v\u011b s v\u00fdb\u011brem osv\u011btlen\u00ed jim pomohlo LEDCO.<\/p>\n\n\n\n<p class=\"wp-block-paragraph\">M\u00edsto jednoduch\u00e9ho v\u00fdb\u011bru sv\u00edtidel vzniklo \u0159e\u0161en\u00ed, kter\u00e9 p\u0159irozen\u011b nav\u00e1zalo na architekturu domu, pou\u017eit\u00e9 materi\u00e1ly i celkov\u00fd styl interi\u00e9ru.<\/p>\n\n\n\n<p class=\"wp-block-paragraph\">Boris si LEDCO vybral p\u0159edev\u0161\u00edm pro profesion\u00e1ln\u00ed, vst\u0159\u00edcn\u00fd a z\u00e1kaznicky orientovan\u00fd p\u0159\u00edstup.<\/p>\n\n\n\n<h3 class=\"wp-block-heading\">Sv\u00edtidla, kter\u00e1 zaujala na prvn\u00ed pohled<\/h3>\n\n\n\n<p class=\"wp-block-paragraph\">Architekti p\u016fvodn\u011b navrhli do interi\u00e9ru jin\u00fd typ sv\u00edtidel. Kdy\u017e v\u0161ak Boris s rodinou nav\u0161t\u00edvil showroom LEDCO, okam\u017eit\u011b je oslovilo \u0159e\u0161en\u00ed, kter\u00e9 dnes tvo\u0159\u00ed v\u00fdraznou sou\u010d\u00e1st jejich domova.<\/p>\n\n\n\n<p class=\"wp-block-paragraph\">U\u017e na prvn\u00ed pohled v\u011bd\u011bli, \u017ee pr\u00e1v\u011b tato sv\u00edtidla zapadnou do interi\u00e9ru l\u00e9pe a podpo\u0159\u00ed jeho modern\u00ed a \u010dist\u00fd charakter.<\/p>\n\n\n\n<p class=\"wp-block-paragraph\">V\u00fdb\u011br tak nebyl pouze technick\u00fdm rozhodnut\u00edm. D\u016fle\u017eitou roli sehr\u00e1l tak\u00e9 design, proporce sv\u00edtidel a jejich propojen\u00ed s cel\u00fdm prostorem.<\/p>\n\n\n\n<h3 class=\"wp-block-heading\">Vysok\u00e9 stropy bez dominantn\u00edho lustru<\/h3>\n\n\n\n<p class=\"wp-block-paragraph\">Jedn\u00edm z nejv\u00fdrazn\u011bj\u0161\u00edch prvk\u016f ob\u00fdvac\u00ed \u010d\u00e1sti jsou vysok\u00e9 stropy. Takov\u00fd prostor p\u0159irozen\u011b nab\u00edz\u00ed mo\u017enost pou\u017e\u00edt dominantn\u00ed z\u00e1v\u011bsn\u00e9 sv\u00edtidlo nebo v\u00fdrazn\u00fd lustr.<\/p>\n\n\n\n<p class=\"wp-block-paragraph\">Boris v\u0161ak z\u00e1v\u011bsn\u00e1 sv\u00edtidla v t\u00e9to \u010d\u00e1sti domu necht\u011bl. P\u016fvodn\u00ed n\u00e1vrh proto po\u010d\u00edtal se zapu\u0161t\u011bn\u00fdm kolejnicov\u00fdm syst\u00e9mem.<\/p>\n\n\n\n<p class=\"wp-block-paragraph\">V LEDCO mu doporu\u010dili p\u0159isazen\u00e9 kolejnicov\u00e9 \u0159e\u0161en\u00ed, kter\u00e9 zachovalo \u010dist\u00fd vzhled interi\u00e9ru a z\u00e1rove\u0148 se stalo jeho p\u0159irozen\u00fdm designov\u00fdm prvkem. Kolejnice v prostoru nep\u016fsob\u00ed ru\u0161iv\u011b a poskytuj\u00ed flexibiln\u00ed a funk\u010dn\u00ed osv\u011btlen\u00ed cel\u00e9 ob\u00fdvac\u00ed \u010d\u00e1sti.<\/p>\n\n\n\n<h3 class=\"wp-block-heading\">Nejv\u011bt\u0161\u00ed p\u0159ekvapen\u00ed p\u0159i\u0161lo v koupeln\u011b<\/h3>\n\n\n\n<p class=\"wp-block-paragraph\">M\u00edstnost\u00ed, ve kter\u00e9 Borise osv\u011btlen\u00ed p\u0159ekvapilo nejv\u00edce, byla koupelna.<\/p>\n\n\n\n<p class=\"wp-block-paragraph\">Pr\u00e1v\u011b zde objevil, kolik r\u016fzn\u00fdch podob m\u016f\u017ee m\u00edt sv\u011btlo v jedn\u00e9 m\u00edstnosti. Krom\u011b hlavn\u00edho funk\u010dn\u00edho osv\u011btlen\u00ed vzniklo tak\u00e9 ambientn\u00ed osv\u011btlen\u00ed nik, kter\u00e9 dod\u00e1v\u00e1 koupeln\u011b hloubku a p\u0159\u00edjemnou atmosf\u00e9ru.<\/p>\n\n\n\n<p class=\"wp-block-paragraph\">V\u00fdrazn\u00fdm prvkem jsou tak\u00e9 spr\u00e1vn\u011b zvolen\u00e1 osv\u011btlen\u00e1 zrcadla. Poskytuj\u00ed praktick\u00e9 sv\u011btlo p\u0159i ka\u017edodenn\u00ed hygien\u011b a z\u00e1rove\u0148 p\u016fsob\u00ed jako elegantn\u00ed sou\u010d\u00e1st cel\u00e9ho interi\u00e9ru.<\/p>\n\n\n\n<p class=\"wp-block-paragraph\">Boris\u016fv p\u0159\u00edb\u011bh ukazuje, \u017ee i m\u00edstnost, kter\u00e9 \u010dlov\u011bk zpo\u010d\u00e1tku z hlediska sv\u011btla nev\u011bnuje nejv\u011bt\u0161\u00ed pozornost, se m\u016f\u017ee d\u00edky vhodn\u00e9mu n\u00e1vrhu st\u00e1t jedn\u00edm z nejp\u016fsobiv\u011bj\u0161\u00edch prostor\u016f domu.<\/p>\n","protected":false},"excerpt":{"rendered":"<p>Boris p\u0159i v\u00fdb\u011bru osv\u011btlen\u00ed vsadil na profesion\u00e1ln\u00ed p\u0159\u00edstup LEDCO. V\u00fdsledkem je modern\u00ed interi\u00e9r s promy\u0161len\u00fdmi sv\u00edtidly a koupelna, ve kter\u00e9 ho mo\u017enosti ambientn\u00edho osv\u011btlen\u00ed p\u0159ekvapily nejv\u00edce. Modern\u00ed domov dota\u017een\u00fd sv\u011btlem Z\u00e1kladn\u00ed podobu Borisova interi\u00e9ru p\u0159ipravili architekti. B\u011bhem realizace si v\u0161ak majitel\u00e9 n\u011bkolik detail\u016f upravili podle vlastn\u00edch p\u0159edstav a pr\u00e1v\u011b s v\u00fdb\u011brem osv\u011btlen\u00ed jim pomohlo LEDCO. [&hellip;]<\/p>\n","protected":false},"author":3,"featured_media":126133,"comment_status":"open","ping_status":"open","sticky":false,"template":"","format":"standard","meta":{"_acf_changed":false,"footnotes":""},"categories":[297],"tags":[],"class_list":["post-126145","post","type-post","status-publish","format-standard","has-post-thumbnail","hentry","category-pribehy-zakazniku"],"acf":[],"yoast_head":"<!-- This site is optimized with the Yoast SEO plugin v28.1 - https:\/\/yoast.com\/product\/yoast-seo-wordpress\/ -->\n<title>Sv\u011btlo, kter\u00e9 Borise p\u0159ekvapilo nejv\u00edce | LEDCO<\/title>\n<meta name=\"description\" content=\"Prohl\u00e9dn\u011bte si Boris\u016fv p\u0159\u00edb\u011bh a modern\u00ed d\u016fm s vysok\u00fdmi stropy, kolejnicov\u00fdm osv\u011btlen\u00edm a koupelnou, kde ho ambientn\u00ed sv\u011btlo p\u0159ekvapilo nejv\u00edce.\" \/>\n<meta name=\"robots\" content=\"index, follow, max-snippet:-1, max-image-preview:large, max-video-preview:-1\" \/>\n<link rel=\"canonical\" href=\"https:\/\/ledco.sk\/cs\/svetlo-ktere-borise-nejvice-prekvapilo\/\" \/>\n<meta property=\"og:locale\" content=\"cs_CZ\" \/>\n<meta property=\"og:type\" content=\"article\" \/>\n<meta property=\"og:title\" content=\"Sv\u011btlo, kter\u00e9 Borise p\u0159ekvapilo nejv\u00edce | LEDCO\" \/>\n<meta property=\"og:description\" content=\"Prohl\u00e9dn\u011bte si Boris\u016fv p\u0159\u00edb\u011bh a modern\u00ed d\u016fm s vysok\u00fdmi stropy, kolejnicov\u00fdm osv\u011btlen\u00edm a koupelnou, kde ho ambientn\u00ed sv\u011btlo p\u0159ekvapilo nejv\u00edce.\" \/>\n<meta property=\"og:url\" content=\"https:\/\/ledco.sk\/cs\/svetlo-ktere-borise-nejvice-prekvapilo\/\" \/>\n<meta property=\"og:site_name\" content=\"Ledco\" \/>\n<meta property=\"article:publisher\" content=\"https:\/\/www.facebook.com\/pages\/LEDCO-sro\/172577579457232?fref=ts\" \/>\n<meta property=\"article:published_time\" content=\"2026-07-21T12:04:51+00:00\" \/>\n<meta property=\"article:modified_time\" content=\"2026-07-28T07:38:09+00:00\" \/>\n<meta property=\"og:image\" content=\"https:\/\/ledco.sk\/wp-content\/uploads\/2026\/07\/ledco-u-vas-doma-boris-nahlad.png\" \/>\n\t<meta property=\"og:image:width\" content=\"1080\" \/>\n\t<meta property=\"og:image:height\" content=\"1920\" \/>\n\t<meta property=\"og:image:type\" content=\"image\/png\" \/>\n<meta name=\"author\" content=\"Milan Kova\u010di\u010d\" \/>\n<meta name=\"twitter:card\" content=\"summary_large_image\" \/>\n<meta name=\"twitter:creator\" content=\"@ledcolighting\" \/>\n<meta name=\"twitter:site\" content=\"@ledcolighting\" \/>\n<meta name=\"twitter:label1\" content=\"Napsal(a)\" \/>\n\t<meta name=\"twitter:data1\" content=\"Milan Kova\u010di\u010d\" \/>\n\t<meta name=\"twitter:label2\" content=\"Odhadovan\u00e1 doba \u010dten\u00ed\" \/>\n\t<meta name=\"twitter:data2\" content=\"2 minuty\" \/>\n<script type=\"application\/ld+json\" class=\"yoast-schema-graph\">{\"@context\":\"https:\\\/\\\/schema.org\",\"@graph\":[{\"@type\":\"Article\",\"@id\":\"https:\\\/\\\/ledco.sk\\\/cs\\\/svetlo-ktere-borise-nejvice-prekvapilo\\\/#article\",\"isPartOf\":{\"@id\":\"https:\\\/\\\/ledco.sk\\\/cs\\\/svetlo-ktere-borise-nejvice-prekvapilo\\\/\"},\"author\":{\"name\":\"Milan Kova\u010di\u010d\",\"@id\":\"https:\\\/\\\/ledco.sk\\\/cs\\\/#\\\/schema\\\/person\\\/e3a11c01b8cd771f6986393e3f25eef5\"},\"headline\":\"Sv\u011btlo, kter\u00e9 Borise p\u0159ekvapilo nejv\u00edce\",\"datePublished\":\"2026-07-21T12:04:51+00:00\",\"dateModified\":\"2026-07-28T07:38:09+00:00\",\"mainEntityOfPage\":{\"@id\":\"https:\\\/\\\/ledco.sk\\\/cs\\\/svetlo-ktere-borise-nejvice-prekvapilo\\\/\"},\"wordCount\":499,\"commentCount\":0,\"publisher\":{\"@id\":\"https:\\\/\\\/ledco.sk\\\/cs\\\/#organization\"},\"image\":{\"@id\":\"https:\\\/\\\/ledco.sk\\\/cs\\\/svetlo-ktere-borise-nejvice-prekvapilo\\\/#primaryimage\"},\"thumbnailUrl\":\"https:\\\/\\\/ledco.sk\\\/wp-content\\\/uploads\\\/2026\\\/07\\\/ledco-u-vas-doma-boris-nahlad.png\",\"articleSection\":[\"P\u0159\u00edb\u011bhy z\u00e1kazn\u00edk\u016f\"],\"inLanguage\":\"cs\",\"potentialAction\":[{\"@type\":\"CommentAction\",\"name\":\"Comment\",\"target\":[\"https:\\\/\\\/ledco.sk\\\/cs\\\/svetlo-ktere-borise-nejvice-prekvapilo\\\/#respond\"]}]},{\"@type\":\"WebPage\",\"@id\":\"https:\\\/\\\/ledco.sk\\\/cs\\\/svetlo-ktere-borise-nejvice-prekvapilo\\\/\",\"url\":\"https:\\\/\\\/ledco.sk\\\/cs\\\/svetlo-ktere-borise-nejvice-prekvapilo\\\/\",\"name\":\"Sv\u011btlo, kter\u00e9 Borise p\u0159ekvapilo nejv\u00edce | LEDCO\",\"isPartOf\":{\"@id\":\"https:\\\/\\\/ledco.sk\\\/cs\\\/#website\"},\"primaryImageOfPage\":{\"@id\":\"https:\\\/\\\/ledco.sk\\\/cs\\\/svetlo-ktere-borise-nejvice-prekvapilo\\\/#primaryimage\"},\"image\":{\"@id\":\"https:\\\/\\\/ledco.sk\\\/cs\\\/svetlo-ktere-borise-nejvice-prekvapilo\\\/#primaryimage\"},\"thumbnailUrl\":\"https:\\\/\\\/ledco.sk\\\/wp-content\\\/uploads\\\/2026\\\/07\\\/ledco-u-vas-doma-boris-nahlad.png\",\"datePublished\":\"2026-07-21T12:04:51+00:00\",\"dateModified\":\"2026-07-28T07:38:09+00:00\",\"description\":\"Prohl\u00e9dn\u011bte si Boris\u016fv p\u0159\u00edb\u011bh a modern\u00ed d\u016fm s vysok\u00fdmi stropy, kolejnicov\u00fdm osv\u011btlen\u00edm a koupelnou, kde ho ambientn\u00ed sv\u011btlo p\u0159ekvapilo nejv\u00edce.\",\"breadcrumb\":{\"@id\":\"https:\\\/\\\/ledco.sk\\\/cs\\\/svetlo-ktere-borise-nejvice-prekvapilo\\\/#breadcrumb\"},\"inLanguage\":\"cs\",\"potentialAction\":[{\"@type\":\"ReadAction\",\"target\":[\"https:\\\/\\\/ledco.sk\\\/cs\\\/svetlo-ktere-borise-nejvice-prekvapilo\\\/\"]}]},{\"@type\":\"ImageObject\",\"inLanguage\":\"cs\",\"@id\":\"https:\\\/\\\/ledco.sk\\\/cs\\\/svetlo-ktere-borise-nejvice-prekvapilo\\\/#primaryimage\",\"url\":\"https:\\\/\\\/ledco.sk\\\/wp-content\\\/uploads\\\/2026\\\/07\\\/ledco-u-vas-doma-boris-nahlad.png\",\"contentUrl\":\"https:\\\/\\\/ledco.sk\\\/wp-content\\\/uploads\\\/2026\\\/07\\\/ledco-u-vas-doma-boris-nahlad.png\",\"width\":1080,\"height\":1920,\"caption\":\"LEDCO u v\u00e1s doma \u2013 rozhovor s Borisom v modernej novostavbe rodinn\u00e9ho domu v Trnave s premyslen\u00fdm dizajnov\u00fdm osvetlen\u00edm interi\u00e9ru od LEDCO.\"},{\"@type\":\"BreadcrumbList\",\"@id\":\"https:\\\/\\\/ledco.sk\\\/cs\\\/svetlo-ktere-borise-nejvice-prekvapilo\\\/#breadcrumb\",\"itemListElement\":[{\"@type\":\"ListItem\",\"position\":1,\"name\":\"Home\",\"item\":\"https:\\\/\\\/ledco.sk\\\/cs\\\/\"},{\"@type\":\"ListItem\",\"position\":2,\"name\":\"Sv\u011btlo, kter\u00e9 Borise p\u0159ekvapilo nejv\u00edce\"}]},{\"@type\":\"WebSite\",\"@id\":\"https:\\\/\\\/ledco.sk\\\/cs\\\/#website\",\"url\":\"https:\\\/\\\/ledco.sk\\\/cs\\\/\",\"name\":\"Ledco\",\"description\":\"Predaj svietidiel, n\u00e1vrh, poradenstvo a realiz\u00e1cia osvetlenia\",\"publisher\":{\"@id\":\"https:\\\/\\\/ledco.sk\\\/cs\\\/#organization\"},\"potentialAction\":[{\"@type\":\"SearchAction\",\"target\":{\"@type\":\"EntryPoint\",\"urlTemplate\":\"https:\\\/\\\/ledco.sk\\\/cs\\\/?s={search_term_string}\"},\"query-input\":{\"@type\":\"PropertyValueSpecification\",\"valueRequired\":true,\"valueName\":\"search_term_string\"}}],\"inLanguage\":\"cs\"},{\"@type\":\"Organization\",\"@id\":\"https:\\\/\\\/ledco.sk\\\/cs\\\/#organization\",\"name\":\"LEDCO s.r.o.\",\"url\":\"https:\\\/\\\/ledco.sk\\\/cs\\\/\",\"logo\":{\"@type\":\"ImageObject\",\"inLanguage\":\"cs\",\"@id\":\"https:\\\/\\\/ledco.sk\\\/cs\\\/#\\\/schema\\\/logo\\\/image\\\/\",\"url\":\"https:\\\/\\\/ledco.sk\\\/wp-content\\\/uploads\\\/2020\\\/03\\\/Logo_LEDCO.jpg\",\"contentUrl\":\"https:\\\/\\\/ledco.sk\\\/wp-content\\\/uploads\\\/2020\\\/03\\\/Logo_LEDCO.jpg\",\"width\":230,\"height\":73,\"caption\":\"LEDCO s.r.o.\"},\"image\":{\"@id\":\"https:\\\/\\\/ledco.sk\\\/cs\\\/#\\\/schema\\\/logo\\\/image\\\/\"},\"sameAs\":[\"https:\\\/\\\/www.facebook.com\\\/pages\\\/LEDCO-sro\\\/172577579457232?fref=ts\",\"https:\\\/\\\/x.com\\\/ledcolighting\",\"https:\\\/\\\/www.instagram.com\\\/ledco_lighting\\\/\",\"https:\\\/\\\/pinterest.com\\\/ledcolighting\\\/\",\"https:\\\/\\\/www.youtube.com\\\/user\\\/ledcoled\"]},{\"@type\":\"Person\",\"@id\":\"https:\\\/\\\/ledco.sk\\\/cs\\\/#\\\/schema\\\/person\\\/e3a11c01b8cd771f6986393e3f25eef5\",\"name\":\"Milan Kova\u010di\u010d\",\"image\":{\"@type\":\"ImageObject\",\"inLanguage\":\"cs\",\"@id\":\"https:\\\/\\\/secure.gravatar.com\\\/avatar\\\/aeb45bf6f828867f6e86e6c323c01a0cdfc434334ac04bfd131ab5bbf0bc741a?s=96&d=mm&r=g\",\"url\":\"https:\\\/\\\/secure.gravatar.com\\\/avatar\\\/aeb45bf6f828867f6e86e6c323c01a0cdfc434334ac04bfd131ab5bbf0bc741a?s=96&d=mm&r=g\",\"contentUrl\":\"https:\\\/\\\/secure.gravatar.com\\\/avatar\\\/aeb45bf6f828867f6e86e6c323c01a0cdfc434334ac04bfd131ab5bbf0bc741a?s=96&d=mm&r=g\",\"caption\":\"Milan Kova\u010di\u010d\"}}]}<\/script>\n<!-- \/ Yoast SEO plugin. -->","yoast_head_json":{"title":"Sv\u011btlo, kter\u00e9 Borise p\u0159ekvapilo nejv\u00edce | LEDCO","description":"Prohl\u00e9dn\u011bte si Boris\u016fv p\u0159\u00edb\u011bh a modern\u00ed d\u016fm s vysok\u00fdmi stropy, kolejnicov\u00fdm osv\u011btlen\u00edm a koupelnou, kde ho ambientn\u00ed sv\u011btlo p\u0159ekvapilo nejv\u00edce.","robots":{"index":"index","follow":"follow","max-snippet":"max-snippet:-1","max-image-preview":"max-image-preview:large","max-video-preview":"max-video-preview:-1"},"canonical":"https:\/\/ledco.sk\/cs\/svetlo-ktere-borise-nejvice-prekvapilo\/","og_locale":"cs_CZ","og_type":"article","og_title":"Sv\u011btlo, kter\u00e9 Borise p\u0159ekvapilo nejv\u00edce | LEDCO","og_description":"Prohl\u00e9dn\u011bte si Boris\u016fv p\u0159\u00edb\u011bh a modern\u00ed d\u016fm s vysok\u00fdmi stropy, kolejnicov\u00fdm osv\u011btlen\u00edm a koupelnou, kde ho ambientn\u00ed sv\u011btlo p\u0159ekvapilo nejv\u00edce.","og_url":"https:\/\/ledco.sk\/cs\/svetlo-ktere-borise-nejvice-prekvapilo\/","og_site_name":"Ledco","article_publisher":"https:\/\/www.facebook.com\/pages\/LEDCO-sro\/172577579457232?fref=ts","article_published_time":"2026-07-21T12:04:51+00:00","article_modified_time":"2026-07-28T07:38:09+00:00","og_image":[{"width":1080,"height":1920,"url":"https:\/\/ledco.sk\/wp-content\/uploads\/2026\/07\/ledco-u-vas-doma-boris-nahlad.png","type":"image\/png"}],"author":"Milan Kova\u010di\u010d","twitter_card":"summary_large_image","twitter_creator":"@ledcolighting","twitter_site":"@ledcolighting","twitter_misc":{"Napsal(a)":"Milan Kova\u010di\u010d","Odhadovan\u00e1 doba \u010dten\u00ed":"2 minuty"},"schema":{"@context":"https:\/\/schema.org","@graph":[{"@type":"Article","@id":"https:\/\/ledco.sk\/cs\/svetlo-ktere-borise-nejvice-prekvapilo\/#article","isPartOf":{"@id":"https:\/\/ledco.sk\/cs\/svetlo-ktere-borise-nejvice-prekvapilo\/"},"author":{"name":"Milan Kova\u010di\u010d","@id":"https:\/\/ledco.sk\/cs\/#\/schema\/person\/e3a11c01b8cd771f6986393e3f25eef5"},"headline":"Sv\u011btlo, kter\u00e9 Borise p\u0159ekvapilo nejv\u00edce","datePublished":"2026-07-21T12:04:51+00:00","dateModified":"2026-07-28T07:38:09+00:00","mainEntityOfPage":{"@id":"https:\/\/ledco.sk\/cs\/svetlo-ktere-borise-nejvice-prekvapilo\/"},"wordCount":499,"commentCount":0,"publisher":{"@id":"https:\/\/ledco.sk\/cs\/#organization"},"image":{"@id":"https:\/\/ledco.sk\/cs\/svetlo-ktere-borise-nejvice-prekvapilo\/#primaryimage"},"thumbnailUrl":"https:\/\/ledco.sk\/wp-content\/uploads\/2026\/07\/ledco-u-vas-doma-boris-nahlad.png","articleSection":["P\u0159\u00edb\u011bhy z\u00e1kazn\u00edk\u016f"],"inLanguage":"cs","potentialAction":[{"@type":"CommentAction","name":"Comment","target":["https:\/\/ledco.sk\/cs\/svetlo-ktere-borise-nejvice-prekvapilo\/#respond"]}]},{"@type":"WebPage","@id":"https:\/\/ledco.sk\/cs\/svetlo-ktere-borise-nejvice-prekvapilo\/","url":"https:\/\/ledco.sk\/cs\/svetlo-ktere-borise-nejvice-prekvapilo\/","name":"Sv\u011btlo, kter\u00e9 Borise p\u0159ekvapilo nejv\u00edce | LEDCO","isPartOf":{"@id":"https:\/\/ledco.sk\/cs\/#website"},"primaryImageOfPage":{"@id":"https:\/\/ledco.sk\/cs\/svetlo-ktere-borise-nejvice-prekvapilo\/#primaryimage"},"image":{"@id":"https:\/\/ledco.sk\/cs\/svetlo-ktere-borise-nejvice-prekvapilo\/#primaryimage"},"thumbnailUrl":"https:\/\/ledco.sk\/wp-content\/uploads\/2026\/07\/ledco-u-vas-doma-boris-nahlad.png","datePublished":"2026-07-21T12:04:51+00:00","dateModified":"2026-07-28T07:38:09+00:00","description":"Prohl\u00e9dn\u011bte si Boris\u016fv p\u0159\u00edb\u011bh a modern\u00ed d\u016fm s vysok\u00fdmi stropy, kolejnicov\u00fdm osv\u011btlen\u00edm a koupelnou, kde ho ambientn\u00ed sv\u011btlo p\u0159ekvapilo nejv\u00edce.","breadcrumb":{"@id":"https:\/\/ledco.sk\/cs\/svetlo-ktere-borise-nejvice-prekvapilo\/#breadcrumb"},"inLanguage":"cs","potentialAction":[{"@type":"ReadAction","target":["https:\/\/ledco.sk\/cs\/svetlo-ktere-borise-nejvice-prekvapilo\/"]}]},{"@type":"ImageObject","inLanguage":"cs","@id":"https:\/\/ledco.sk\/cs\/svetlo-ktere-borise-nejvice-prekvapilo\/#primaryimage","url":"https:\/\/ledco.sk\/wp-content\/uploads\/2026\/07\/ledco-u-vas-doma-boris-nahlad.png","contentUrl":"https:\/\/ledco.sk\/wp-content\/uploads\/2026\/07\/ledco-u-vas-doma-boris-nahlad.png","width":1080,"height":1920,"caption":"LEDCO u v\u00e1s doma \u2013 rozhovor s Borisom v modernej novostavbe rodinn\u00e9ho domu v Trnave s premyslen\u00fdm dizajnov\u00fdm osvetlen\u00edm interi\u00e9ru od LEDCO."},{"@type":"BreadcrumbList","@id":"https:\/\/ledco.sk\/cs\/svetlo-ktere-borise-nejvice-prekvapilo\/#breadcrumb","itemListElement":[{"@type":"ListItem","position":1,"name":"Home","item":"https:\/\/ledco.sk\/cs\/"},{"@type":"ListItem","position":2,"name":"Sv\u011btlo, kter\u00e9 Borise p\u0159ekvapilo nejv\u00edce"}]},{"@type":"WebSite","@id":"https:\/\/ledco.sk\/cs\/#website","url":"https:\/\/ledco.sk\/cs\/","name":"Ledco","description":"Predaj svietidiel, n\u00e1vrh, poradenstvo a realiz\u00e1cia osvetlenia","publisher":{"@id":"https:\/\/ledco.sk\/cs\/#organization"},"potentialAction":[{"@type":"SearchAction","target":{"@type":"EntryPoint","urlTemplate":"https:\/\/ledco.sk\/cs\/?s={search_term_string}"},"query-input":{"@type":"PropertyValueSpecification","valueRequired":true,"valueName":"search_term_string"}}],"inLanguage":"cs"},{"@type":"Organization","@id":"https:\/\/ledco.sk\/cs\/#organization","name":"LEDCO s.r.o.","url":"https:\/\/ledco.sk\/cs\/","logo":{"@type":"ImageObject","inLanguage":"cs","@id":"https:\/\/ledco.sk\/cs\/#\/schema\/logo\/image\/","url":"https:\/\/ledco.sk\/wp-content\/uploads\/2020\/03\/Logo_LEDCO.jpg","contentUrl":"https:\/\/ledco.sk\/wp-content\/uploads\/2020\/03\/Logo_LEDCO.jpg","width":230,"height":73,"caption":"LEDCO s.r.o."},"image":{"@id":"https:\/\/ledco.sk\/cs\/#\/schema\/logo\/image\/"},"sameAs":["https:\/\/www.facebook.com\/pages\/LEDCO-sro\/172577579457232?fref=ts","https:\/\/x.com\/ledcolighting","https:\/\/www.instagram.com\/ledco_lighting\/","https:\/\/pinterest.com\/ledcolighting\/","https:\/\/www.youtube.com\/user\/ledcoled"]},{"@type":"Person","@id":"https:\/\/ledco.sk\/cs\/#\/schema\/person\/e3a11c01b8cd771f6986393e3f25eef5","name":"Milan Kova\u010di\u010d","image":{"@type":"ImageObject","inLanguage":"cs","@id":"https:\/\/secure.gravatar.com\/avatar\/aeb45bf6f828867f6e86e6c323c01a0cdfc434334ac04bfd131ab5bbf0bc741a?s=96&d=mm&r=g","url":"https:\/\/secure.gravatar.com\/avatar\/aeb45bf6f828867f6e86e6c323c01a0cdfc434334ac04bfd131ab5bbf0bc741a?s=96&d=mm&r=g","contentUrl":"https:\/\/secure.gravatar.com\/avatar\/aeb45bf6f828867f6e86e6c323c01a0cdfc434334ac04bfd131ab5bbf0bc741a?s=96&d=mm&r=g","caption":"Milan Kova\u010di\u010d"}}]}},"_links":{"self":[{"href":"https:\/\/ledco.sk\/cs\/wp-json\/wp\/v2\/posts\/126145","targetHints":{"allow":["GET"]}}],"collection":[{"href":"https:\/\/ledco.sk\/cs\/wp-json\/wp\/v2\/posts"}],"about":[{"href":"https:\/\/ledco.sk\/cs\/wp-json\/wp\/v2\/types\/post"}],"author":[{"embeddable":true,"href":"https:\/\/ledco.sk\/cs\/wp-json\/wp\/v2\/users\/3"}],"replies":[{"embeddable":true,"href":"https:\/\/ledco.sk\/cs\/wp-json\/wp\/v2\/comments?post=126145"}],"version-history":[{"count":1,"href":"https:\/\/ledco.sk\/cs\/wp-json\/wp\/v2\/posts\/126145\/revisions"}],"predecessor-version":[{"id":126271,"href":"https:\/\/ledco.sk\/cs\/wp-json\/wp\/v2\/posts\/126145\/revisions\/126271"}],"wp:featuredmedia":[{"embeddable":true,"href":"https:\/\/ledco.sk\/cs\/wp-json\/wp\/v2\/media\/126133"}],"wp:attachment":[{"href":"https:\/\/ledco.sk\/cs\/wp-json\/wp\/v2\/media?parent=126145"}],"wp:term":[{"taxonomy":"category","embeddable":true,"href":"https:\/\/ledco.sk\/cs\/wp-json\/wp\/v2\/categories?post=126145"},{"taxonomy":"post_tag","embeddable":true,"href":"https:\/\/ledco.sk\/cs\/wp-json\/wp\/v2\/tags?post=126145"}],"curies":[{"name":"wp","href":"https:\/\/api.w.org\/{rel}","templated":true}]}}